{"id":1070,"date":"2024-12-19T17:03:13","date_gmt":"2024-12-19T17:03:13","guid":{"rendered":"https:\/\/abogaciacomunitaria.org\/?p=1070"},"modified":"2024-12-19T17:21:16","modified_gmt":"2024-12-19T17:21:16","slug":"llevamos-adelante-el-ciclo-construyendo-acceso-a-la-justicia-como-poner-la-justicia-en-manos-de-las-personas","status":"publish","type":"post","link":"https:\/\/abogaciacomunitaria.org\/index.php\/2024\/12\/19\/llevamos-adelante-el-ciclo-construyendo-acceso-a-la-justicia-como-poner-la-justicia-en-manos-de-las-personas\/","title":{"rendered":"Llevamos adelante el ciclo: Construyendo Acceso a la Justicia \u00bfC\u00f3mo poner la justicia en manos de las personas?"},"content":{"rendered":"\n<p>Durante septiembre, octubre y noviembre realizamos en conjunto con la Asociaci\u00f3n Civil por la Igualdad y la Justicia (ACIJ) y la Comunidad Latinoamericana de Empoderamiento Jur\u00eddico 3 encuentros virtuales con el objetivo de aportar a la discusi\u00f3n del primer borrador de una futura Convenci\u00f3n Iberoamericana de Acceso a la Justicia. De los encuentros participaron especialistas de la academia, las ciencias sociales y el derecho.\u00a0<\/p>\n\n\n\n<p>Organizamos cada encuentro alrededor de distintos ejes del borrador buscando conceptualizar algunos t\u00e9rminos, dialogar sobre la situaci\u00f3n local y hacer aportes a la discusi\u00f3n regional. Adem\u00e1s debatimos sobre los compromisos internacionales que Argentina debe asumir en materia de acceso a la justicia, y reflexionamos sobre los mejores modelos de dise\u00f1o institucional, pol\u00edticas p\u00fablicas y marcos normativos para garantizarlo.&nbsp;<\/p>\n\n\n\n<ol class=\"wp-block-list\">\n<li><strong>Primer encuentro<\/strong><\/li>\n<\/ol>\n\n\n\n<p><strong>Empoderamiento jur\u00eddico comunitario para acceder a la justicia.<\/strong>&nbsp;<\/p>\n\n\n\n<p><em>El objetivo de este encuentro fue conceptualizar el Acceso a la justicia y su relaci\u00f3n con la Abogac\u00eda Comunitaria y el Empoderamiento Jur\u00eddico. \u00bfDe qu\u00e9 formas puede el empoderamiento jur\u00eddico comunitario contribuir al acceso a la justicia? \u00bfPor qu\u00e9 es importante la Convenci\u00f3n? <\/em>Participaron Fernanda Marchese, Gabriela Delamata, F\u00e1tima Gamboa y Agust\u00edn Territoriale. Principalmente hicieron aportes sobre la importancia de la interdisciplina en la agenda de Acceso a la Justicia y la valoraci\u00f3n del acceso colectivo. Adem\u00e1s, se destac\u00f3 el rol transformador que tiene el empoderamiento jur\u00eddico y sus alcances.&nbsp;<\/p>\n\n\n\n<p>Mir\u00e1 el video <a href=\"https:\/\/www.youtube.com\/watch?v=aR51gfE4Pzc&amp;list=PLWwYLYEh4JIA4WuylVzjXLJqRdKgaxdvH&amp;index=2\">ac\u00e1<\/a>.<\/p>\n\n\n\n<ol start=\"2\" class=\"wp-block-list\">\n<li><strong>Segundo encuentro<\/strong><\/li>\n<\/ol>\n\n\n\n<p><strong>Pol\u00edticas p\u00fablicas para la asistencia legal: reducir las barreras que enfrentan comunidades vulnerabilizadas.&nbsp;<\/strong><\/p>\n\n\n\n<p><em>Este encuentro se centr\u00f3 en discusiones sobre asistencia legal y pol\u00edticas p\u00fablicas.<\/em> <em>Dise\u00f1os institucionales centrados en las personas. \u00bfC\u00f3mo se fortalecen los dispositivos de asistencia legal? \u00bfQu\u00e9 dispositivos centrados en las personas existen, qu\u00e9 par\u00e1metros deben seguir y cu\u00e1l es su importancia? \u00bfQu\u00e9 compromisos internacionales debe asumir el Estado argentino? <\/em>Participaron Natalia Echegoyemberry, Pablo Garciarena, Silvina Ram\u00edrez, Mariano Gutierrez y Catalina Smulovitz. Durante la discusi\u00f3n se resalt\u00f3 lo problem\u00e1tico de englobar a todas las comunidades en el mismo colectivo y la necesidad de pensar en respuestas espec\u00edficas para cada una de ellas. Adem\u00e1s, se enfatiz\u00f3 sobre la importancia de pensar estrategias de pol\u00edtica p\u00fablica distribuidas en el territorio.<\/p>\n\n\n\n<p>&nbsp;Mir\u00e1 el video <a href=\"https:\/\/www.youtube.com\/watch?v=9i9S520go1Q&amp;list=PLWwYLYEh4JIA4WuylVzjXLJqRdKgaxdvH&amp;index=1&amp;ab_channel=CanalACIJ\">ac\u00e1<\/a>.<\/p>\n\n\n\n<ol start=\"3\" class=\"wp-block-list\">\n<li><strong>Tercer encuentro<\/strong><\/li>\n<\/ol>\n\n\n\n<p><strong>Un poder judicial accesible. Reformas procesales y judiciales por una justicia centrada en las personas.<\/strong><\/p>\n\n\n\n<p><em>En esta ocasi\u00f3n el foco estuvo sobre los poderes judiciales. El intercambio fue en torno a est\u00e1ndares normativos necesarios para acceder a la Justicia y cuestiones procesales -inicio de proceso, legitimaci\u00f3n, derechos colectivos, ejecuci\u00f3n de sentencias-. <\/em>Participaron Marisa Fassi, Francisco Verbic, Mariela Puga y Marco Fandi\u00f1o. Principalmente, se destac\u00f3 la importancia de incluir principios de derechos humanos sobre la valoraci\u00f3n de la prueba, especialmente para evitar la revictimizaci\u00f3n. Se destac\u00f3 la importancia de incorporar los derechos individuales homog\u00e9neos a la regulaci\u00f3n de los procesos colectivos y la prioridad que se le puede dar a este tipo de instancias judiciales. Por \u00faltimo, se sugiri\u00f3 hablar de innovaciones p\u00fablicas en vez de nuevas tecnolog\u00edas para ampliar el campo de acci\u00f3n.&nbsp;<\/p>\n\n\n\n<p>Mir\u00e1 el video <a href=\"https:\/\/www.youtube.com\/watch?v=H71fiXtgNO4&amp;list=PLWwYLYEh4JIA4WuylVzjXLJqRdKgaxdvH&amp;index=3&amp;ab_channel=CanalACIJ\">ac\u00e1<\/a>.&nbsp;<\/p>\n\n\n\n<p>Todas las discusiones y conversaciones que se dieron en el encuentro fueron muy valiosas para enriquecer el borrador sobre la Convenci\u00f3n sobre Acceso a la Justicia. Pod\u00e9s seguir todas las novedades y avances de este proceso en: porelaccesoalajusticia.org&nbsp;<\/p>\n","protected":false},"excerpt":{"rendered":"<p>Durante septiembre, octubre y noviembre realizamos en conjunto con la Asociaci\u00f3n Civil por la Igualdad y la Justicia (ACIJ) y la Comunidad Latinoamericana de Empoderamiento Jur\u00eddico 3 encuentros virtuales con el objetivo de aportar a la discusi\u00f3n del primer borrador de una futura Convenci\u00f3n Iberoamericana de Acceso a la Justicia. De los encuentros participaron especialistas [&hellip;]<\/p>\n","protected":false},"author":1,"featured_media":1071,"comment_status":"open","ping_status":"closed","sticky":false,"template":"","format":"standard","meta":{"_et_pb_use_builder":"off","_et_pb_old_content":"","_et_gb_content_width":"","footnotes":""},"categories":[10,31,5],"tags":[],"class_list":["post-1070","post","type-post","status-publish","format-standard","has-post-thumbnail","hentry","category-abogacia-comunitaria-y-empoderamiento-juridico","category-acceso-a-la-justicia","category-novedades"],"_links":{"self":[{"href":"https:\/\/abogaciacomunitaria.org\/index.php\/wp-json\/wp\/v2\/posts\/1070","targetHints":{"allow":["GET"]}}],"collection":[{"href":"https:\/\/abogaciacomunitaria.org\/index.php\/wp-json\/wp\/v2\/posts"}],"about":[{"href":"https:\/\/abogaciacomunitaria.org\/index.php\/wp-json\/wp\/v2\/types\/post"}],"author":[{"embeddable":true,"href":"https:\/\/abogaciacomunitaria.org\/index.php\/wp-json\/wp\/v2\/users\/1"}],"replies":[{"embeddable":true,"href":"https:\/\/abogaciacomunitaria.org\/index.php\/wp-json\/wp\/v2\/comments?post=1070"}],"version-history":[{"count":2,"href":"https:\/\/abogaciacomunitaria.org\/index.php\/wp-json\/wp\/v2\/posts\/1070\/revisions"}],"predecessor-version":[{"id":1074,"href":"https:\/\/abogaciacomunitaria.org\/index.php\/wp-json\/wp\/v2\/posts\/1070\/revisions\/1074"}],"wp:featuredmedia":[{"embeddable":true,"href":"https:\/\/abogaciacomunitaria.org\/index.php\/wp-json\/wp\/v2\/media\/1071"}],"wp:attachment":[{"href":"https:\/\/abogaciacomunitaria.org\/index.php\/wp-json\/wp\/v2\/media?parent=1070"}],"wp:term":[{"taxonomy":"category","embeddable":true,"href":"https:\/\/abogaciacomunitaria.org\/index.php\/wp-json\/wp\/v2\/categories?post=1070"},{"taxonomy":"post_tag","embeddable":true,"href":"https:\/\/abogaciacomunitaria.org\/index.php\/wp-json\/wp\/v2\/tags?post=1070"}],"curies":[{"name":"wp","href":"https:\/\/api.w.org\/{rel}","templated":true}]}}