{"id":119,"date":"2022-01-27T16:24:29","date_gmt":"2022-01-27T16:24:29","guid":{"rendered":"https:\/\/abogaciacomunitaria.org\/?p=119"},"modified":"2023-04-24T20:07:00","modified_gmt":"2023-04-24T20:07:00","slug":"info-arenales-organizaciones-sociales-lanzaron-una-red-de-abogacia-que-promueve-derechos-de-las-comunidades","status":"publish","type":"post","link":"https:\/\/abogaciacomunitaria.org\/index.php\/2022\/01\/27\/info-arenales-organizaciones-sociales-lanzaron-una-red-de-abogacia-que-promueve-derechos-de-las-comunidades\/","title":{"rendered":"Info Arenales | Organizaciones sociales lanzaron una red de abogac\u00eda que promueve derechos de las comunidades"},"content":{"rendered":"\n<p>Una sensibilidad diferente a la hora de abordar la defensa jur\u00eddica de colectivos vulnerabilizados y el trabajo sin\u00e9rgico para promover el acceso a derechos y el empoderamiento jur\u00eddico de esos grupos y las personas que pertenecen a ellos, son los ejes principales de la Red Argentina de Abogac\u00eda Comunitaria (RAAC), lanzada a mediados de este mes y conformada por un grupo de organizaciones sociales.<\/p>\n\n\n\n<p>La&nbsp;<em>Asociaci\u00f3n Civil por la Igualdad y la Justicia<\/em>&nbsp;(ACIJ) junto a otras asociaciones y organizaciones de defensa de derechos humanos, como Fundaci\u00f3n para el Desarrollo de Pol\u00edticas Sustentables (Fundeps) y Techo, impulsaron la formaci\u00f3n de la RAAC, la cual tambi\u00e9n se propone \u00abenfrentar con estrategias colectivas los grandes obst\u00e1culos que existen a la hora de ejercer la abogac\u00eda social\u00bb.<\/p>\n\n\n\n<p>Con ese objetivo, la semana pasada fue lanzada una convocatoria a profesionales y agrupaciones de todo el pa\u00eds para sumarse al entramado jur\u00eddico, en el que tambi\u00e9n participan Capibara (Asociaci\u00f3n civil de profesionales y estudiantes de derecho por una justicia ecol\u00f3gica), la Red Popular de Acceso a Derechos (RePAD), Xumek (una organizaci\u00f3n de Derechos Humanos con base en Mendoza) y Abogados y Abogadas del noroeste argentino en derechos humanos y estudios sociales (Andhes).<\/p>\n\n\n\n<p>\u00abEstamos impulsando este grupo promotor de una red de abogac\u00eda comunitaria porque ve\u00edamos que hab\u00eda ciertas barreras que ten\u00edan las comunidades y limitaciones en el ejercicio profesional que ten\u00edamos que suprimir a partir de la conformaci\u00f3n de un espacio de articulaci\u00f3n, de apoyo y de aprendizaje entre profesionales del Derecho de todo el pa\u00eds, porque<strong>&nbsp;lo pensamos con una impronta federal<\/strong>\u00ab, se\u00f1al\u00f3 en di\u00e1logo con T\u00e9lam Natalia Echegoyemberry, represente de ACIJ.<\/p>\n\n\n\n<p>La letrada precis\u00f3 que el objetivo de&nbsp;<strong>esa red apunta a \u00abgenerar alianzas, sinergias y solidaridades entre organizaciones sociales y profesionales que trabajan en el campo de la abogac\u00eda comunitaria\u00bb<\/strong>.<\/p>\n\n\n\n<p>Remarc\u00f3 adem\u00e1s que si bien hay jurisdicciones con un trabajo de campo en este sentido, no es algo que se replique en todo el territorio.<\/p>\n\n\n\n<p>\u00abPor eso es necesario motivar la generaci\u00f3n de esta red, en la que se pueda visibilizar las experiencias locales, que sirva de punto de reflexi\u00f3n de nuestras pr\u00e1cticas para mejorar las condiciones del ejercicio de la abogac\u00eda, que realmente sea un orgullo ser abogado\u00bb, apunt\u00f3 Echegoyemberry.<\/p>\n\n\n\n<p>Asimismo, la activista hizo hincapi\u00e9 en la necesidad de una mirada \u00abcon una sensibilidad diferente a la tradicional\u00bb, una lectura de la situaci\u00f3n desde los derechos humanos de cada comunidad, poniendo por delante \u00abderechos y necesidades comunitarias\u00bb.<\/p>\n\n\n\n<p>\u00abEn este sentido -apunt\u00f3- tenemos un gran desaf\u00edo desde la formaci\u00f3n, la Facultad te ense\u00f1a a ejercer el derecho con una distancia, con un abordaje espec\u00edfico, pero necesitamos involucrarnos, estar con los grupos vulnerabilizados y poder compartir un lenguaje dial\u00f3gico donde no colonicemos a las comunidades sino que trabajamos juntos y juntas, colectivamente\u00bb.<\/p>\n\n\n\n<p>En este sentido apunt\u00f3 que \u00abdesde la red queremos poder discutir las condiciones de c\u00f3mo nos est\u00e1n formando y lo indispensable que es respetar tambi\u00e9n las miradas y distintas perspectivas\u00bb; de este modo \u00abpodemos ser un puente entre las comunidades y el Estado y la forma en c\u00f3mo \u00e9ste dise\u00f1a las pol\u00edticas p\u00fablicas, justamente con este enfoque\u00bb.<\/p>\n\n\n\n<p>Por su parte, Nicol\u00e1s Rallo, responsable ejecutivo de&nbsp;<em>RePAD Mendoza<\/em>, asegur\u00f3 que como organizaci\u00f3n los moviliz\u00f3 a formar parte del equipo promotor de esta red \u00abel ver c\u00f3mo responde la Justicia y cu\u00e1l es la realidad de Justicia de las personas y colectivos vulnerables\u00bb.<\/p>\n\n\n\n<p>En ese sentido, asegur\u00f3 que unos de los principales objetivos a la abogac\u00eda comunitaria es plantearla \u00abcomo un campo de acci\u00f3n o un campo de la ciencia del derecho m\u00e1s aut\u00f3nomo en el que los profesionales y las organizaciones se puedan involucrar de una forma m\u00e1s activa y m\u00e1s aplicada a trabajar con la comunidad para que esta tenga acceso a la Justicia\u00bb.<\/p>\n\n\n\n<p>\u00abLa Justicia est\u00e1 hecha a la medida de quienes hoy pueden acceder a la Justicia, no se plantea como un di\u00e1logo con las comunidades, por ejemplo abor\u00edgenes, de mujeres, de personas trans, por eso lo que la red viene a proponer es un cambio de paradigma para poder modificar estas instancias y todas las instancias administrativas en las que las personas tengan problemas jur\u00eddicos\u00bb, explic\u00f3 Rallo.<\/p>\n\n\n\n<p>Asimismo, el joven enfatiz\u00f3 en que \u00abdesde el Estado hay herramientas para aquellas personas que no tienen recursos -como asesor\u00edas jur\u00eddicas gratuitas-. Sin embargo, aunque est\u00e1 la herramienta, se ubica lejos de los barrios, o no tienen un lenguaje adecuado, o manifiestan violencia simb\u00f3lica en contra de las personas trans o ni\u00f1os, ni\u00f1as y adolescentes\u00bb.<\/p>\n\n\n\n<p>Por eso, consider\u00f3 que las organizaciones deben funcionar como un \u00abbrazo adicional\u00bb en la coordinaci\u00f3n \u00abentre el barrio y la Justicia\u00bb y advirti\u00f3 que, en algunos lugares \u00abno hay organizaciones o grupos que cumplan esta funci\u00f3n\u00bb y defendi\u00f3 as\u00ed la conformaci\u00f3n de la Red<\/p>\n\n\n\n<p>Rallo tambi\u00e9n apunt\u00f3 a la formaci\u00f3n en las distintas universidades que no contemplan este tipo de abordajes comunitarios y asegur\u00f3 que \u00abdesde los centros de producci\u00f3n de conocimiento se refuerza esa falta di\u00e1logo con las comunidades\u00bb.<\/p>\n\n\n\n<p>Y remarc\u00f3 que hay una \u00abdistancia\u00bb entre las casas de altos estudios y los barrios y que \u00aba veces el conocimiento que uno recibe no responde a las necesidades de la gente en la calle, responde a las necesidades de una casta o un grupo que est\u00e1 apropiado del sistema jur\u00eddico\u00bb.<\/p>\n\n\n\n<p>\u00abY ah\u00ed es donde hay que dar una vuelta de rosca, tiene que haber una transferencia y di\u00e1logo con la comunidad\u00bb, asegur\u00f3 Rallo y precis\u00f3 que la organizaci\u00f3n a la que pertenece trabaja en un territorio urbano \u00abempobrecido, por lo que las principales problem\u00e1ticas tienen que ver con la seguridad social, las cuotas de alimentos impagas y no c\u00f3mo desarrollar una sociedad an\u00f3nima o presentar una quiebra o realizar una sucesi\u00f3n\u00bb.<\/p>\n\n\n\n<p>Por ultimo, el letrado precis\u00f3 que el principal desaf\u00edo de la Red, ser\u00e1 poder plasmar las distintas realidades para poder avanzar \u00aby entender la multiculturalidad con la que se trabaja\u00bb y dar una respuesta que respete estos aspectos, asimismo convoc\u00f3 a quienes quieran formar parte a inscribirse a trav\u00e9s del mail&nbsp;<em>red@abogaciacomunitaria.org<\/em><\/p>\n\n\n\n<p>Fuente: <a href=\"https:\/\/infoarenales.com\/2021\/07\/31\/organizaciones-sociales-lanzaron-una-red-de-abogacia-que-promueve-derechos-de-las-comunidades\/\">Info Arenales <\/a><\/p>\n","protected":false},"excerpt":{"rendered":"<p>Una sensibilidad diferente a la hora de abordar la defensa jur\u00eddica de colectivos vulnerabilizados y el trabajo sin\u00e9rgico para promover el acceso a derechos y el empoderamiento jur\u00eddico de esos grupos y las personas que pertenecen a ellos, son los ejes principales de la Red Argentina de Abogac\u00eda Comunitaria (RAAC), lanzada a mediados de este [&hellip;]<\/p>\n","protected":false},"author":1,"featured_media":120,"comment_status":"open","ping_status":"closed","sticky":false,"template":"","format":"standard","meta":{"_et_pb_use_builder":"","_et_pb_old_content":"","_et_gb_content_width":"","footnotes":""},"categories":[4],"tags":[],"class_list":["post-119","post","type-post","status-publish","format-standard","has-post-thumbnail","hentry","category-medios"],"_links":{"self":[{"href":"https:\/\/abogaciacomunitaria.org\/index.php\/wp-json\/wp\/v2\/posts\/119","targetHints":{"allow":["GET"]}}],"collection":[{"href":"https:\/\/abogaciacomunitaria.org\/index.php\/wp-json\/wp\/v2\/posts"}],"about":[{"href":"https:\/\/abogaciacomunitaria.org\/index.php\/wp-json\/wp\/v2\/types\/post"}],"author":[{"embeddable":true,"href":"https:\/\/abogaciacomunitaria.org\/index.php\/wp-json\/wp\/v2\/users\/1"}],"replies":[{"embeddable":true,"href":"https:\/\/abogaciacomunitaria.org\/index.php\/wp-json\/wp\/v2\/comments?post=119"}],"version-history":[{"count":2,"href":"https:\/\/abogaciacomunitaria.org\/index.php\/wp-json\/wp\/v2\/posts\/119\/revisions"}],"predecessor-version":[{"id":122,"href":"https:\/\/abogaciacomunitaria.org\/index.php\/wp-json\/wp\/v2\/posts\/119\/revisions\/122"}],"wp:featuredmedia":[{"embeddable":true,"href":"https:\/\/abogaciacomunitaria.org\/index.php\/wp-json\/wp\/v2\/media\/120"}],"wp:attachment":[{"href":"https:\/\/abogaciacomunitaria.org\/index.php\/wp-json\/wp\/v2\/media?parent=119"}],"wp:term":[{"taxonomy":"category","embeddable":true,"href":"https:\/\/abogaciacomunitaria.org\/index.php\/wp-json\/wp\/v2\/categories?post=119"},{"taxonomy":"post_tag","embeddable":true,"href":"https:\/\/abogaciacomunitaria.org\/index.php\/wp-json\/wp\/v2\/tags?post=119"}],"curies":[{"name":"wp","href":"https:\/\/api.w.org\/{rel}","templated":true}]}}