{"id":1308,"date":"2025-06-30T13:27:25","date_gmt":"2025-06-30T13:27:25","guid":{"rendered":"https:\/\/abogaciacomunitaria.org\/?p=1308"},"modified":"2025-07-24T13:37:36","modified_gmt":"2025-07-24T13:37:36","slug":"herramientas-para-la-abogacia-comunitaria-lanzamos-el-segundo-encuentro-del-ciclo-violencia-institucional-experiencias-y-estrategias-de-abordaje","status":"publish","type":"post","link":"https:\/\/abogaciacomunitaria.org\/index.php\/2025\/06\/30\/herramientas-para-la-abogacia-comunitaria-lanzamos-el-segundo-encuentro-del-ciclo-violencia-institucional-experiencias-y-estrategias-de-abordaje\/","title":{"rendered":"Segundo encuentro del ciclo \u201cHerramientas para la abogac\u00eda comunitaria\u201d | Violencia Institucional: experiencias y estrategias de abordaje"},"content":{"rendered":"\n<p>Desde la Red Argentina de Abogac\u00eda Comunitaria (RAAC) llevamos adelante una serie de encuentros con el objetivo de brindar herramientas pr\u00e1cticas para el ejercicio de la abogac\u00eda comunitaria, buscando fortalecer las capacidades de activistas y planteando nuevas estrategias en el contexto actual.<\/p>\n\n\n\n<p>En este marco, el jueves 10 de julio se llev\u00f3 a cabo el segundo encuentro del ciclo de formaci\u00f3n pr\u00e1ctica \u201cHerramientas para la abogac\u00eda comunitaria\u201d, organizado por la Red Argentina de Abogac\u00eda Comunitaria (RAAC). En esta ocasi\u00f3n, el encuentro estuvo dedicado a reflexionar sobre la <strong>violencia institucional, a partir del intercambio de experiencias y estrategias concretas que organizaciones de la sociedad civil desarrollan en distintos territorios para enfrentar estas situaciones<\/strong>.<\/p>\n\n\n\n<p>Participaron del espacio compa\u00f1eras de Repad\/Xumek, Andhes, ACVI y La Ciega, quienes compartieron pr\u00e1cticas de acompa\u00f1amiento frente a casos de violencia policial, represi\u00f3n de la protesta y otras formas de violencia institucional. La diversidad de enfoques y contextos permiti\u00f3 un intercambio enriquecedor, generando un espacio de formaci\u00f3n pr\u00e1ctica para fortalecer el trabajo de la abogac\u00eda comunitaria en el territorio.<\/p>\n\n\n\n<p>A continuaci\u00f3n, compartimos la grabaci\u00f3n del encuentro y actualizamos la carpeta de materiales \u00fatiles con la presentaci\u00f3n utilizada durante la actividad, disponible para su consulta y difusi\u00f3n entre quienes crean que pueda resultarles \u00fatil.<\/p>\n\n\n\n<p><\/p>\n\n\n\n<div class=\"wp-block-buttons is-content-justification-center is-layout-flex wp-container-core-buttons-is-layout-16018d1d wp-block-buttons-is-layout-flex\">\n<div class=\"wp-block-button\"><a class=\"wp-block-button__link wp-element-button\" href=\"https:\/\/drive.google.com\/drive\/folders\/1wRrrj_lO2AgIMijtZAcDjw_vWE3wuRs8\" target=\"_blank\" rel=\"noreferrer noopener\">VIDEO Y  MATERIALES<\/a><\/div>\n<\/div>\n","protected":false},"excerpt":{"rendered":"<p>Desde la Red Argentina de Abogac\u00eda Comunitaria (RAAC) llevamos adelante una serie de encuentros con el objetivo de brindar herramientas pr\u00e1cticas para el ejercicio de la abogac\u00eda comunitaria, buscando fortalecer las capacidades de activistas y planteando nuevas estrategias en el contexto actual. En este marco, el jueves 10 de julio se llev\u00f3 a cabo el [&hellip;]<\/p>\n","protected":false},"author":1,"featured_media":1309,"comment_status":"open","ping_status":"closed","sticky":false,"template":"","format":"standard","meta":{"_et_pb_use_builder":"off","_et_pb_old_content":"","_et_gb_content_width":"","footnotes":""},"categories":[5],"tags":[],"class_list":["post-1308","post","type-post","status-publish","format-standard","has-post-thumbnail","hentry","category-novedades"],"_links":{"self":[{"href":"https:\/\/abogaciacomunitaria.org\/index.php\/wp-json\/wp\/v2\/posts\/1308","targetHints":{"allow":["GET"]}}],"collection":[{"href":"https:\/\/abogaciacomunitaria.org\/index.php\/wp-json\/wp\/v2\/posts"}],"about":[{"href":"https:\/\/abogaciacomunitaria.org\/index.php\/wp-json\/wp\/v2\/types\/post"}],"author":[{"embeddable":true,"href":"https:\/\/abogaciacomunitaria.org\/index.php\/wp-json\/wp\/v2\/users\/1"}],"replies":[{"embeddable":true,"href":"https:\/\/abogaciacomunitaria.org\/index.php\/wp-json\/wp\/v2\/comments?post=1308"}],"version-history":[{"count":8,"href":"https:\/\/abogaciacomunitaria.org\/index.php\/wp-json\/wp\/v2\/posts\/1308\/revisions"}],"predecessor-version":[{"id":1320,"href":"https:\/\/abogaciacomunitaria.org\/index.php\/wp-json\/wp\/v2\/posts\/1308\/revisions\/1320"}],"wp:featuredmedia":[{"embeddable":true,"href":"https:\/\/abogaciacomunitaria.org\/index.php\/wp-json\/wp\/v2\/media\/1309"}],"wp:attachment":[{"href":"https:\/\/abogaciacomunitaria.org\/index.php\/wp-json\/wp\/v2\/media?parent=1308"}],"wp:term":[{"taxonomy":"category","embeddable":true,"href":"https:\/\/abogaciacomunitaria.org\/index.php\/wp-json\/wp\/v2\/categories?post=1308"},{"taxonomy":"post_tag","embeddable":true,"href":"https:\/\/abogaciacomunitaria.org\/index.php\/wp-json\/wp\/v2\/tags?post=1308"}],"curies":[{"name":"wp","href":"https:\/\/api.w.org\/{rel}","templated":true}]}}