{"id":1321,"date":"2025-08-04T15:31:10","date_gmt":"2025-08-04T15:31:10","guid":{"rendered":"https:\/\/abogaciacomunitaria.org\/?p=1321"},"modified":"2025-08-05T18:58:08","modified_gmt":"2025-08-05T18:58:08","slug":"lanzamos-la-segunda-edicion-de-la-catedra-interuniversitaria-federal-de-abogacia-comunitaria","status":"publish","type":"post","link":"https:\/\/abogaciacomunitaria.org\/index.php\/2025\/08\/04\/lanzamos-la-segunda-edicion-de-la-catedra-interuniversitaria-federal-de-abogacia-comunitaria\/","title":{"rendered":"\u00a1Lanzamos la segunda edici\u00f3n de la C\u00e1tedra Interuniversitaria Federal de Abogac\u00eda Comunitaria!"},"content":{"rendered":"\n<p>Lanzamos la segunda edici\u00f3n de la C\u00e1tedra Interuniversitaria Federal de Abogac\u00eda Comunitaria, una propuesta formativa que conecta a estudiantes de derecho de todo el pa\u00eds en una experiencia colectiva de formaci\u00f3n cr\u00edtica y pr\u00e1ctica en abogac\u00eda comunitaria.<\/p>\n\n\n\n<p>Tras el \u00e9xito de la primera edici\u00f3n en 2024, que reuni\u00f3 a m\u00e1s de 100 estudiantes de 12 universidades, este a\u00f1o logramos ampliar y consolidar esta propuesta. En 2025 participar\u00e1n 15 universidades de 11 provincias.<\/p>\n\n\n\n<p><strong>Las universidades que participan son:\u00a0<\/strong><\/p>\n\n\n\n<ul class=\"wp-block-list\">\n<li>Universidad Cat\u00f3lica de Salta &#8211; UCASAL<\/li>\n\n\n\n<li>Universidad Nacional de Jujuy &#8211; UNJU<\/li>\n\n\n\n<li>Universidad Nacional de Lomas de Zamora<\/li>\n\n\n\n<li>Universidad Nacional del Sur- UNS<\/li>\n\n\n\n<li>Universidad de Congreso<\/li>\n\n\n\n<li>Universidad Nacional del Centro de la Provincia de Buenos Aires &#8211; UNICEN<\/li>\n\n\n\n<li>Universidad Nacional de Tucum\u00e1n &#8211; UNT<\/li>\n\n\n\n<li>Universidad Nacional de San Luis &#8211; UNSL<\/li>\n\n\n\n<li>Universidad Nacional de La Pampa &#8211; UNLPAM<\/li>\n\n\n\n<li>Universidad Nacional de Cuyo &#8211; UNCUYO<\/li>\n\n\n\n<li>Universidad Champagnat<\/li>\n\n\n\n<li>Universidad Nacional de San Juan<\/li>\n\n\n\n<li>Universidad Siglo 21<\/li>\n\n\n\n<li>Universidad de Chaco Austral<\/li>\n<\/ul>\n\n\n\n<p>Esta iniciativa es impulsada por la Escuela Latinoamericana de Abogac\u00eda Comunitaria y Activismo Jur\u00eddico (ELAC) y la Red Argentina de Abogac\u00eda Comunitaria (RAAC) y cuenta con el apoyo de la Red Argentina de Cl\u00ednicas Jur\u00eddicas. El equipo docente est\u00e1 conformado por activistas, profesionales y acad\u00e9micos de todo el pa\u00eds, con amplia experiencia en trabajo territorial y acompa\u00f1amiento a comunidades vulnerabilizadas.<\/p>\n\n\n\n<div style=\"height:45px\" aria-hidden=\"true\" class=\"wp-block-spacer\"><\/div>\n\n\n\n<div class=\"wp-block-buttons is-layout-flex wp-block-buttons-is-layout-flex\">\n<div class=\"wp-block-button\"><a class=\"wp-block-button__link wp-element-button\" href=\"https:\/\/abogaciacomunitaria.org\/wp-content\/uploads\/2025\/08\/Catedra-Interuniversitaria-de-Abogacia-Comunitaria.docx.pdf\" target=\"_blank\" rel=\"noreferrer noopener\">Conoc\u00e9 el programa<\/a><\/div>\n<\/div>\n\n\n\n<div style=\"height:40px\" aria-hidden=\"true\" class=\"wp-block-spacer\"><\/div>\n\n\n\n<p>Quienes deseen cursar la c\u00e1tedra deber\u00e1n ser estudiantes de alguna de las universidades participantes, ya que la inscripci\u00f3n se realiza directamente a trav\u00e9s de cada instituci\u00f3n. <strong>Si form\u00e1s parte de una universidad y quer\u00e9s sumar la c\u00e1tedra a su oferta acad\u00e9mica, pod\u00e9s escribirnos a:\u00a0catedra@abogaciacomunitaria.org<\/strong><br><\/p>\n","protected":false},"excerpt":{"rendered":"<p>Lanzamos la segunda edici\u00f3n de la C\u00e1tedra Interuniversitaria Federal de Abogac\u00eda Comunitaria, una propuesta formativa que conecta a estudiantes de derecho de todo el pa\u00eds en una experiencia colectiva de formaci\u00f3n cr\u00edtica y pr\u00e1ctica en abogac\u00eda comunitaria. Tras el \u00e9xito de la primera edici\u00f3n en 2024, que reuni\u00f3 a m\u00e1s de 100 estudiantes de 12 [&hellip;]<\/p>\n","protected":false},"author":1,"featured_media":1327,"comment_status":"open","ping_status":"closed","sticky":false,"template":"","format":"standard","meta":{"_et_pb_use_builder":"off","_et_pb_old_content":"","_et_gb_content_width":"","footnotes":""},"categories":[5],"tags":[],"class_list":["post-1321","post","type-post","status-publish","format-standard","has-post-thumbnail","hentry","category-novedades"],"_links":{"self":[{"href":"https:\/\/abogaciacomunitaria.org\/index.php\/wp-json\/wp\/v2\/posts\/1321","targetHints":{"allow":["GET"]}}],"collection":[{"href":"https:\/\/abogaciacomunitaria.org\/index.php\/wp-json\/wp\/v2\/posts"}],"about":[{"href":"https:\/\/abogaciacomunitaria.org\/index.php\/wp-json\/wp\/v2\/types\/post"}],"author":[{"embeddable":true,"href":"https:\/\/abogaciacomunitaria.org\/index.php\/wp-json\/wp\/v2\/users\/1"}],"replies":[{"embeddable":true,"href":"https:\/\/abogaciacomunitaria.org\/index.php\/wp-json\/wp\/v2\/comments?post=1321"}],"version-history":[{"count":3,"href":"https:\/\/abogaciacomunitaria.org\/index.php\/wp-json\/wp\/v2\/posts\/1321\/revisions"}],"predecessor-version":[{"id":1326,"href":"https:\/\/abogaciacomunitaria.org\/index.php\/wp-json\/wp\/v2\/posts\/1321\/revisions\/1326"}],"wp:featuredmedia":[{"embeddable":true,"href":"https:\/\/abogaciacomunitaria.org\/index.php\/wp-json\/wp\/v2\/media\/1327"}],"wp:attachment":[{"href":"https:\/\/abogaciacomunitaria.org\/index.php\/wp-json\/wp\/v2\/media?parent=1321"}],"wp:term":[{"taxonomy":"category","embeddable":true,"href":"https:\/\/abogaciacomunitaria.org\/index.php\/wp-json\/wp\/v2\/categories?post=1321"},{"taxonomy":"post_tag","embeddable":true,"href":"https:\/\/abogaciacomunitaria.org\/index.php\/wp-json\/wp\/v2\/tags?post=1321"}],"curies":[{"name":"wp","href":"https:\/\/api.w.org\/{rel}","templated":true}]}}