{"id":1400,"date":"2025-10-31T15:21:52","date_gmt":"2025-10-31T15:21:52","guid":{"rendered":"https:\/\/abogaciacomunitaria.org\/?p=1400"},"modified":"2025-10-31T15:33:26","modified_gmt":"2025-10-31T15:33:26","slug":"gracias-por-acompanarnos-en-la-presentacion-de-nuestro-primer-documental","status":"publish","type":"post","link":"https:\/\/abogaciacomunitaria.org\/index.php\/2025\/10\/31\/gracias-por-acompanarnos-en-la-presentacion-de-nuestro-primer-documental\/","title":{"rendered":"Gracias por acompa\u00f1arnos en la presentaci\u00f3n de nuestra serie documental"},"content":{"rendered":"\n<p>Quer\u00edamos agradecer a todas las organizaciones y participantes que nos acompa\u00f1aron en la presentaci\u00f3n de la serie documental de la Red Argentina de Abogac\u00eda Comunitaria (RAAC).<\/p>\n\n\n\n<p>Fue una jornada muy especial para compartir -junto a la comunidad de la Red y a la Universidad Torcuato Di Tella- historias de organizaciones y comunidades que usan el derecho para transformar sus realidades.\u00a0<strong>Les contamos que ya est\u00e1n disponibles los tres episodios de la serie en <a href=\"https:\/\/www.youtube.com\/@RedArgAbogac%C3%ADaComunitaria\" target=\"_blank\" rel=\"noreferrer noopener\">nuestro canal de YouTube<\/a>.<\/strong><\/p>\n\n\n\n<p>A lo largo de estos cap\u00edtulos \u2014Conocer el derecho, Usar el derecho y Transformar el derecho\u2014 la serie muestra c\u00f3mo distintas iniciativas de abogac\u00eda comunitaria ponen en acci\u00f3n el derecho como herramienta de cambio social, combinando la pr\u00e1ctica jur\u00eddica con la organizaci\u00f3n, la educaci\u00f3n legal popular y la incidencia territorial. <strong>Mir\u00e1 el trailer <a href=\"https:\/\/www.youtube.com\/watch?v=tp-zsZ3zYCg\" target=\"_blank\" rel=\"noreferrer noopener\">ac\u00e1<\/a><\/strong><\/p>\n\n\n\n<p>Desde la RAAC seguimos acompa\u00f1ando a organizaciones, universidades y comunidades de todo el pa\u00eds para que estas experiencias lleguen a m\u00e1s lugares.&nbsp;&nbsp;<strong>Si te interesa organizar una proyecci\u00f3n en tu ciudad o espacio, escribinos a&nbsp;<a href=\"mailto:red@abogaciacomunitaria.org\" target=\"_blank\" rel=\"noreferrer noopener\">red@abogaciacomunitaria.org<\/a>.<\/strong><\/p>\n","protected":false},"excerpt":{"rendered":"<p>Quer\u00edamos agradecer a todas las organizaciones y participantes que nos acompa\u00f1aron en la presentaci\u00f3n de la serie documental de la Red Argentina de Abogac\u00eda Comunitaria (RAAC). Fue una jornada muy especial para compartir -junto a la comunidad de la Red y a la Universidad Torcuato Di Tella- historias de organizaciones y comunidades que usan el [&hellip;]<\/p>\n","protected":false},"author":1,"featured_media":1402,"comment_status":"closed","ping_status":"closed","sticky":false,"template":"","format":"standard","meta":{"_et_pb_use_builder":"off","_et_pb_old_content":"","_et_gb_content_width":"","footnotes":""},"categories":[5],"tags":[],"class_list":["post-1400","post","type-post","status-publish","format-standard","has-post-thumbnail","hentry","category-novedades"],"_links":{"self":[{"href":"https:\/\/abogaciacomunitaria.org\/index.php\/wp-json\/wp\/v2\/posts\/1400","targetHints":{"allow":["GET"]}}],"collection":[{"href":"https:\/\/abogaciacomunitaria.org\/index.php\/wp-json\/wp\/v2\/posts"}],"about":[{"href":"https:\/\/abogaciacomunitaria.org\/index.php\/wp-json\/wp\/v2\/types\/post"}],"author":[{"embeddable":true,"href":"https:\/\/abogaciacomunitaria.org\/index.php\/wp-json\/wp\/v2\/users\/1"}],"replies":[{"embeddable":true,"href":"https:\/\/abogaciacomunitaria.org\/index.php\/wp-json\/wp\/v2\/comments?post=1400"}],"version-history":[{"count":2,"href":"https:\/\/abogaciacomunitaria.org\/index.php\/wp-json\/wp\/v2\/posts\/1400\/revisions"}],"predecessor-version":[{"id":1404,"href":"https:\/\/abogaciacomunitaria.org\/index.php\/wp-json\/wp\/v2\/posts\/1400\/revisions\/1404"}],"wp:featuredmedia":[{"embeddable":true,"href":"https:\/\/abogaciacomunitaria.org\/index.php\/wp-json\/wp\/v2\/media\/1402"}],"wp:attachment":[{"href":"https:\/\/abogaciacomunitaria.org\/index.php\/wp-json\/wp\/v2\/media?parent=1400"}],"wp:term":[{"taxonomy":"category","embeddable":true,"href":"https:\/\/abogaciacomunitaria.org\/index.php\/wp-json\/wp\/v2\/categories?post=1400"},{"taxonomy":"post_tag","embeddable":true,"href":"https:\/\/abogaciacomunitaria.org\/index.php\/wp-json\/wp\/v2\/tags?post=1400"}],"curies":[{"name":"wp","href":"https:\/\/api.w.org\/{rel}","templated":true}]}}