{"id":295,"date":"2023-08-18T15:59:55","date_gmt":"2023-08-18T15:59:55","guid":{"rendered":"https:\/\/abogaciacomunitaria.org\/?p=295"},"modified":"2023-11-14T13:35:16","modified_gmt":"2023-11-14T13:35:16","slug":"se-viene-el-primer-encuentro-local-de-la-red-argentina-de-abogacia-comunitaria-en-santa-fe","status":"publish","type":"post","link":"https:\/\/abogaciacomunitaria.org\/index.php\/2023\/08\/18\/se-viene-el-primer-encuentro-local-de-la-red-argentina-de-abogacia-comunitaria-en-santa-fe\/","title":{"rendered":"Realizamos el Primer Encuentro Local de la Red Argentina de Abogac\u00eda Comunitaria en Santa Fe"},"content":{"rendered":"\n<p>Luego de mucha preparaci\u00f3n y trabajo en equipo, se llev\u00f3 a cabo el encuentro local de la RAAC en Santa Fe sobre abogac\u00eda comunitaria. La actividad se realiz\u00f3 el martes 22 de agosto en la Facultad de Ciencias Jur\u00eddicas y Sociales de la Universidad Nacional del Litoral.<\/p>\n\n\n\n<p>Del encuentro participaron 58 personas, la gran mayor\u00eda estudiantes de la carrera de abogac\u00eda o abogadas y abogados&nbsp; recientemente egresados de la Universidad.&nbsp;<\/p>\n\n\n\n<p>En el <strong>primer panel \u201cDesde la comunidad hacia la justicia: experiencias de abogac\u00eda comunitaria\u201d<\/strong>, Cristian Fernandez y Enzo Culasso, abogados de las &nbsp; organizaciones ambientalistas FARN y Asociaci\u00f3n Argentina de Abogados\/as Ambientalistas, compartieron sus experiencias en litigio y trabajo con comunidades afectadas por conflictos socio &#8211; ambientales. Ambos coincidieron en que <strong>el trabajo de abogac\u00eda comunitaria debe realizarse de manera conjunta&nbsp; con la comunidad y los vecinos afectados porque es la forma m\u00e1s eficaz de lograr el empoderamiento jur\u00eddico<\/strong>.&nbsp;<\/p>\n\n\n\n<p>En el <strong>segundo panel \u201cAcceso a la justicia y grupos en situaci\u00f3n de vulnerabilidad: el acceso equitativo de mujeres y adultos mayores\u201d<\/strong>, Mar\u00eda Claret y Luciana Angeramo de la ONG Trama Tierra junto a Sof\u00eda Marzioni del Proyecto Institucional \u201cPersonas Mayores: Derechos y Pol\u00edticas para un buen envejecer\u201d, visibilizaron las dificultades que tienen particularmente las mujeres y las y los adultos mayores&nbsp; para acceder a la justicia,&nbsp; y como desde sus espacios de trabajos intentan colaborar y empoderar a estos grupos para que puedan acceder a derechos b\u00e1sicos como&nbsp; la justicia, ell trabajo, la educaci\u00f3n, entre otros.&nbsp;&nbsp;<\/p>\n\n\n\n<p>En el tercer y \u00faltimo panel titulado <strong>\u201cAcampe por una justicia ecol\u00f3gica: experiencias en territorio\u201d<\/strong>, Nicolas Ferrucci, Virginia Gazzo, Natalia Barrilis y Amedeo del Galdo expusieron sobre el acceso a la justicia. Particularmente, Amedeo expuso sobre la situaci\u00f3n de Italia en acceso a la justicia en cuestiones ambientales. En este \u00faltimo panel y a modo de cierre, se realiz\u00f3 una charla\/debate con los asistentes sobre la participaci\u00f3n de los estudiantes en proyectos de extensi\u00f3n en territorio y la formaci\u00f3n universitaria para el ejercicio de la profesi\u00f3n.&nbsp;<\/p>\n\n\n\n<p>El encuentro fue una experiencia muy enriquecedora tanto para quienes participaron&nbsp; como tambi\u00e9n para quienes lo organizaron. Mediante el intercambio en el que se expusieron puntos de vista y tambi\u00e9n interrogantes a trabajar en el futuro, se logr\u00f3 un empoderamiento a trav\u00e9s de la puesta en com\u00fan del trabajo que se viene haciendo, sus resultados y desaf\u00edos. Todo el grupo coincidi\u00f3 en que experiencias de este tipo sirven para fortalecer y visibilizar el trabajo que se est\u00e1 realizando y potenciarlo.&nbsp;<\/p>\n\n\n\n<p><\/p>\n","protected":false},"excerpt":{"rendered":"<p>Luego de mucha preparaci\u00f3n y trabajo en equipo, se llev\u00f3 a cabo el encuentro local de la RAAC en Santa Fe sobre abogac\u00eda comunitaria. La actividad se realiz\u00f3 el martes 22 de agosto en la Facultad de Ciencias Jur\u00eddicas y Sociales de la Universidad Nacional del Litoral. Del encuentro participaron 58 personas, la gran mayor\u00eda [&hellip;]<\/p>\n","protected":false},"author":1,"featured_media":298,"comment_status":"open","ping_status":"closed","sticky":false,"template":"","format":"standard","meta":{"_et_pb_use_builder":"off","_et_pb_old_content":"","_et_gb_content_width":"","footnotes":""},"categories":[9],"tags":[],"class_list":["post-295","post","type-post","status-publish","format-standard","has-post-thumbnail","hentry","category-encuentros-locales"],"_links":{"self":[{"href":"https:\/\/abogaciacomunitaria.org\/index.php\/wp-json\/wp\/v2\/posts\/295","targetHints":{"allow":["GET"]}}],"collection":[{"href":"https:\/\/abogaciacomunitaria.org\/index.php\/wp-json\/wp\/v2\/posts"}],"about":[{"href":"https:\/\/abogaciacomunitaria.org\/index.php\/wp-json\/wp\/v2\/types\/post"}],"author":[{"embeddable":true,"href":"https:\/\/abogaciacomunitaria.org\/index.php\/wp-json\/wp\/v2\/users\/1"}],"replies":[{"embeddable":true,"href":"https:\/\/abogaciacomunitaria.org\/index.php\/wp-json\/wp\/v2\/comments?post=295"}],"version-history":[{"count":5,"href":"https:\/\/abogaciacomunitaria.org\/index.php\/wp-json\/wp\/v2\/posts\/295\/revisions"}],"predecessor-version":[{"id":322,"href":"https:\/\/abogaciacomunitaria.org\/index.php\/wp-json\/wp\/v2\/posts\/295\/revisions\/322"}],"wp:featuredmedia":[{"embeddable":true,"href":"https:\/\/abogaciacomunitaria.org\/index.php\/wp-json\/wp\/v2\/media\/298"}],"wp:attachment":[{"href":"https:\/\/abogaciacomunitaria.org\/index.php\/wp-json\/wp\/v2\/media?parent=295"}],"wp:term":[{"taxonomy":"category","embeddable":true,"href":"https:\/\/abogaciacomunitaria.org\/index.php\/wp-json\/wp\/v2\/categories?post=295"},{"taxonomy":"post_tag","embeddable":true,"href":"https:\/\/abogaciacomunitaria.org\/index.php\/wp-json\/wp\/v2\/tags?post=295"}],"curies":[{"name":"wp","href":"https:\/\/api.w.org\/{rel}","templated":true}]}}