{"id":303,"date":"2023-09-25T14:51:02","date_gmt":"2023-09-25T14:51:02","guid":{"rendered":"https:\/\/abogaciacomunitaria.org\/?p=303"},"modified":"2023-09-25T14:51:03","modified_gmt":"2023-09-25T14:51:03","slug":"conoce-los-proyectos-seleccionados-del-programa-de-apoyo-de-la-red-argentina-de-abogacia-comunitaria","status":"publish","type":"post","link":"https:\/\/abogaciacomunitaria.org\/index.php\/2023\/09\/25\/conoce-los-proyectos-seleccionados-del-programa-de-apoyo-de-la-red-argentina-de-abogacia-comunitaria\/","title":{"rendered":"Conoc\u00e9 los proyectos seleccionados del Programa de apoyo de la Red Argentina de Abogac\u00eda Comunitaria"},"content":{"rendered":"\n<p>Desde el Grupo Promotor de la RAAC, despu\u00e9s de evaluar m\u00e1s de 40 iniciativas de abogac\u00eda comunitaria presentadas por organizaciones de todo el pa\u00eds, finalmente seleccionamos cinco proyectos que participar\u00e1n del Programa de Apoyo Econ\u00f3mico y T\u00e9cnico.<\/p>\n\n\n\n<p>Te presentamos los proyectos seleccionados:<\/p>\n\n\n\n<p><strong>Uni\u00f3n solidaria del Pueblo Diaguita Cacano (Santiago del Estero)<\/strong><\/p>\n\n\n\n<p>El proyecto consiste en realizar talleres de formaci\u00f3n en Derechos de Pueblos Ind\u00edgenas y derechos ambientales con j\u00f3venes pertenecientes a comunidades del pueblo Diaguita Cacano. Posteriormente, realizar\u00e1n un diagn\u00f3stico&nbsp; comunitario participativo y una formulaci\u00f3n comunitaria de proyectos de control territorial y ambiental.<\/p>\n\n\n\n<p><strong>Tramatierra Biocolectivo por la Sustentabilidad (Santa Fe)<\/strong><\/p>\n\n\n\n<p>Esta organizaci\u00f3n trabaja en un corredor frutihort\u00edcola en la provincia de Santa Fe. En el marco del proyecto, con productores\/as, organizaciones y otros actores significativos ligados al cintur\u00f3n hort\u00edcola santafesino se llevar\u00e1n adelante las siguientes actividades: Construcci\u00f3n de un Diagn\u00f3stico Participativo Integral, Relevamiento de instrumentos t\u00e9cnico-jur\u00eddicos existentes, Identificaci\u00f3n de nuevas iniciativas y normativas, Redacci\u00f3n de Recomendaciones Sectoriales y Concreci\u00f3n de acciones de incidencia y sensibilizaci\u00f3n comunitaria.<\/p>\n\n\n\n<p><strong>El Puente 26: luchando contra la desocupaci\u00f3n Asociaci\u00f3n Civil (Nacional)<\/strong><\/p>\n\n\n\n<p>Esta organizaci\u00f3n trabajar\u00e1 en la creaci\u00f3n de un programa de \u201cPromotores por la inclusi\u00f3n\u201d destinado espec\u00edficamente a personas con discapacidad. Las principales actividades del proyecto ser\u00e1n: planificaci\u00f3n y confecci\u00f3n de materiales, armado del programa de un taller, encuentros de formaci\u00f3n con referentes de distintos barrios del pa\u00eds.&nbsp;<\/p>\n\n\n\n<p><strong>Cooperativa de Trabajo 7 de Agosto Limitada (Misiones-C\u00f3rdoba-Buenos Aires)<\/strong><\/p>\n\n\n\n<p>La Cooperativa impulsar\u00e1 la realizaci\u00f3n de talleres sobre cooperativismo y asociativismo con unidades productivas en Misiones, C\u00f3rdoba y Mar Del Plata. Cada taller ser\u00e1 intensivo presencial te\u00f3rico\/pr\u00e1ctico con las siguientes tem\u00e1ticas: asociativismo, cooperativismo, redacci\u00f3n, gesti\u00f3n y rendici\u00f3n de proyectos, herramientas t\u00e9cnicas estrat\u00e9gicas para vincularse con actores del sector p\u00fablico y privado y tem\u00e1ticas propuestas por los destinatarios. Dicho taller ser\u00e1 coordinado por 4 integrantes de la Cooperativa.<\/p>\n\n\n\n<p><strong>El Comedor del Fondo (Chaco-CABA)<\/strong><\/p>\n\n\n\n<p>Esta organizaci\u00f3n trabaja con poblaci\u00f3n en situaci\u00f3n de calle y personas con consumo problem\u00e1tico en Chaco y en la Ciudad de Buenos Aires. Su objetivo con este proyecto es articular instancias colectivas de capacitaci\u00f3n y asesoramiento en derechos. A su vez, se proponen dar los pasos iniciales para una red de prestadores de servicios jur\u00eddicos para las personas en situaci\u00f3n de calle.<\/p>\n\n\n\n<p>Para la selecci\u00f3n se tuvieron en cuenta los criterios de elegibilidad y las pautas de evaluaci\u00f3n contenidas en las bases y condiciones del programa. Para ello, elaboramos una matriz a partir de la cual cada organizaci\u00f3n del Grupo Promotor puntu\u00f3 todos los proyectos presentados.&nbsp;<\/p>\n\n\n\n<p>En la matriz, se incluyeron siete criterios de evaluaci\u00f3n, que cada organizaci\u00f3n complet\u00f3 con un puntaje del 0 al 5. Los criterios fueron:&nbsp;<\/p>\n\n\n\n<ul class=\"wp-block-list\">\n<li>COMUNIDAD DESTINATARIA<\/li>\n\n\n\n<li>PROBLEM\u00c1TICA SOCIO-JUR\u00cdDICA A ABORDAR<\/li>\n\n\n\n<li>HERRAMIENTAS\/ESTRATEGIAS<\/li>\n\n\n\n<li>PARTICIPACI\u00d3N COMUNITARIA<\/li>\n\n\n\n<li>FACTIBILIDAD<\/li>\n\n\n\n<li>IMPACTO<\/li>\n\n\n\n<li>ORGANIZACI\u00d3N MENTORA<\/li>\n<\/ul>\n\n\n\n<p>Utilizando estos criterios, cada organizaci\u00f3n del Grupo Promotor obtuvo una lista de proyectos preseleccionados, que fueron puestos a consideraci\u00f3n entre todas y todos los integrantes.. Se tuvieron en cuenta el puntaje obtenido de la evaluaci\u00f3n, los criterios de elegibilidad, qu\u00e9 podr\u00eda aportar una mentor\u00eda del Grupo al proyecto y criterios de diversidad geogr\u00e1fica y tem\u00e1tica.<\/p>\n\n\n\n<p>En una segunda instancia, se solicit\u00f3 documentaci\u00f3n adicional y se mantuvieron reuniones individuales con cada uno de los proyectos llegando as\u00ed al listado final de los 5 seleccionados. Los proyectos seleccionados recibir\u00e1n $500.000 y el acompa\u00f1amiento de dos organizaciones del Grupo Promotor en la ejecuci\u00f3n. La misma iniciar\u00e1 en el mes de septiembre y se espera que concluya en enero de 2024.<\/p>\n\n\n\n<p>Agradecemos a todas las organizaciones que participaron y esperamos poder seguir trabajando juntas en el futuro.<\/p>\n","protected":false},"excerpt":{"rendered":"<p>Desde el Grupo Promotor de la RAAC, despu\u00e9s de evaluar m\u00e1s de 40 iniciativas de abogac\u00eda comunitaria presentadas por organizaciones de todo el pa\u00eds, finalmente seleccionamos cinco proyectos que participar\u00e1n del Programa de Apoyo Econ\u00f3mico y T\u00e9cnico. Te presentamos los proyectos seleccionados: Uni\u00f3n solidaria del Pueblo Diaguita Cacano (Santiago del Estero) El proyecto consiste en [&hellip;]<\/p>\n","protected":false},"author":1,"featured_media":304,"comment_status":"open","ping_status":"closed","sticky":false,"template":"","format":"standard","meta":{"_et_pb_use_builder":"off","_et_pb_old_content":"","_et_gb_content_width":"","footnotes":""},"categories":[5],"tags":[],"class_list":["post-303","post","type-post","status-publish","format-standard","has-post-thumbnail","hentry","category-novedades"],"_links":{"self":[{"href":"https:\/\/abogaciacomunitaria.org\/index.php\/wp-json\/wp\/v2\/posts\/303","targetHints":{"allow":["GET"]}}],"collection":[{"href":"https:\/\/abogaciacomunitaria.org\/index.php\/wp-json\/wp\/v2\/posts"}],"about":[{"href":"https:\/\/abogaciacomunitaria.org\/index.php\/wp-json\/wp\/v2\/types\/post"}],"author":[{"embeddable":true,"href":"https:\/\/abogaciacomunitaria.org\/index.php\/wp-json\/wp\/v2\/users\/1"}],"replies":[{"embeddable":true,"href":"https:\/\/abogaciacomunitaria.org\/index.php\/wp-json\/wp\/v2\/comments?post=303"}],"version-history":[{"count":1,"href":"https:\/\/abogaciacomunitaria.org\/index.php\/wp-json\/wp\/v2\/posts\/303\/revisions"}],"predecessor-version":[{"id":305,"href":"https:\/\/abogaciacomunitaria.org\/index.php\/wp-json\/wp\/v2\/posts\/303\/revisions\/305"}],"wp:featuredmedia":[{"embeddable":true,"href":"https:\/\/abogaciacomunitaria.org\/index.php\/wp-json\/wp\/v2\/media\/304"}],"wp:attachment":[{"href":"https:\/\/abogaciacomunitaria.org\/index.php\/wp-json\/wp\/v2\/media?parent=303"}],"wp:term":[{"taxonomy":"category","embeddable":true,"href":"https:\/\/abogaciacomunitaria.org\/index.php\/wp-json\/wp\/v2\/categories?post=303"},{"taxonomy":"post_tag","embeddable":true,"href":"https:\/\/abogaciacomunitaria.org\/index.php\/wp-json\/wp\/v2\/tags?post=303"}],"curies":[{"name":"wp","href":"https:\/\/api.w.org\/{rel}","templated":true}]}}