{"id":747,"date":"2024-10-30T15:51:04","date_gmt":"2024-10-30T15:51:04","guid":{"rendered":"https:\/\/abogaciacomunitaria.org\/?p=747"},"modified":"2025-01-15T06:45:14","modified_gmt":"2025-01-15T06:45:14","slug":"el-derecho-a-tener-derechos","status":"publish","type":"post","link":"https:\/\/abogaciacomunitaria.org\/index.php\/2024\/10\/30\/el-derecho-a-tener-derechos\/","title":{"rendered":"El derecho a tener derechos"},"content":{"rendered":"\n<p><strong>Organizaci\u00f3n:<\/strong> CIAJ- Colectivo de Investigaci\u00f3n y Acci\u00f3n Jur\u00eddica<\/p>\n\n\n\n<p><br><strong>A\u00f1o:<\/strong>\u20282009<br><br><strong>Formato:<\/strong> Texto<br><br><a href=\"https:\/\/drive.google.com\/file\/d\/13CCWNCipc6nvjWKRYQZh65aMDp6BK2t2\/view?usp=sharing\">Ver Recurso<\/a><\/p>\n\n\n\n<p><\/p>\n","protected":false},"excerpt":{"rendered":"<p>Organizaci\u00f3n: CIAJ- Colectivo de Investigaci\u00f3n y Acci\u00f3n Jur\u00eddica A\u00f1o:\u20282009 Formato: Texto Ver Recurso<\/p>\n","protected":false},"author":1,"featured_media":1153,"comment_status":"closed","ping_status":"closed","sticky":false,"template":"","format":"standard","meta":{"_et_pb_use_builder":"off","_et_pb_old_content":"<!-- wp:paragraph -->\n<p>Teniendo en cuenta la importancia de esta herramienta para la efectividad de otros derechos, buscamos generar un espacio de intercambios en torno a su utilizaci\u00f3n, aportando los conocimientos b\u00e1sicos para poder realizar pedidos ante los diferentes entes de gobierno y otros sujetos obligados. Compartimos estrategias, experiencias y casos sobre su uso.&nbsp;&nbsp;<\/p>\n<!-- \/wp:paragraph -->\n\n<!-- wp:paragraph -->\n<p>Volv\u00e9 a verlo <\/p>\n<!-- \/wp:paragraph -->\n\n<!-- wp:embed {\"url\":\"https:\/\/youtu.be\/3IdFZ0jHGt4\",\"type\":\"video\",\"providerNameSlug\":\"youtube\",\"responsive\":true,\"className\":\"wp-embed-aspect-16-9 wp-has-aspect-ratio\"} -->\n<figure class=\"wp-block-embed is-type-video is-provider-youtube wp-block-embed-youtube wp-embed-aspect-16-9 wp-has-aspect-ratio\"><div class=\"wp-block-embed__wrapper\">\nhttps:\/\/youtu.be\/3IdFZ0jHGt4\n<\/div><\/figure>\n<!-- \/wp:embed -->\n\n<!-- wp:paragraph -->\n<p><\/p>\n<!-- \/wp:paragraph -->","_et_gb_content_width":"","footnotes":""},"categories":[10,7],"tags":[],"class_list":["post-747","post","type-post","status-publish","format-standard","has-post-thumbnail","hentry","category-abogacia-comunitaria-y-empoderamiento-juridico","category-recursos"],"_links":{"self":[{"href":"https:\/\/abogaciacomunitaria.org\/index.php\/wp-json\/wp\/v2\/posts\/747","targetHints":{"allow":["GET"]}}],"collection":[{"href":"https:\/\/abogaciacomunitaria.org\/index.php\/wp-json\/wp\/v2\/posts"}],"about":[{"href":"https:\/\/abogaciacomunitaria.org\/index.php\/wp-json\/wp\/v2\/types\/post"}],"author":[{"embeddable":true,"href":"https:\/\/abogaciacomunitaria.org\/index.php\/wp-json\/wp\/v2\/users\/1"}],"replies":[{"embeddable":true,"href":"https:\/\/abogaciacomunitaria.org\/index.php\/wp-json\/wp\/v2\/comments?post=747"}],"version-history":[{"count":2,"href":"https:\/\/abogaciacomunitaria.org\/index.php\/wp-json\/wp\/v2\/posts\/747\/revisions"}],"predecessor-version":[{"id":770,"href":"https:\/\/abogaciacomunitaria.org\/index.php\/wp-json\/wp\/v2\/posts\/747\/revisions\/770"}],"wp:featuredmedia":[{"embeddable":true,"href":"https:\/\/abogaciacomunitaria.org\/index.php\/wp-json\/wp\/v2\/media\/1153"}],"wp:attachment":[{"href":"https:\/\/abogaciacomunitaria.org\/index.php\/wp-json\/wp\/v2\/media?parent=747"}],"wp:term":[{"taxonomy":"category","embeddable":true,"href":"https:\/\/abogaciacomunitaria.org\/index.php\/wp-json\/wp\/v2\/categories?post=747"},{"taxonomy":"post_tag","embeddable":true,"href":"https:\/\/abogaciacomunitaria.org\/index.php\/wp-json\/wp\/v2\/tags?post=747"}],"curies":[{"name":"wp","href":"https:\/\/api.w.org\/{rel}","templated":true}]}}