{"id":752,"date":"2024-10-30T15:51:13","date_gmt":"2024-10-30T15:51:13","guid":{"rendered":"https:\/\/abogaciacomunitaria.org\/?p=752"},"modified":"2025-01-15T06:53:24","modified_gmt":"2025-01-15T06:53:24","slug":"accion-de-inconstitucionalidad-por-el-codigo-contravencional-de-la-ciudad-de-mendoza","status":"publish","type":"post","link":"https:\/\/abogaciacomunitaria.org\/index.php\/2024\/10\/30\/accion-de-inconstitucionalidad-por-el-codigo-contravencional-de-la-ciudad-de-mendoza\/","title":{"rendered":"Acci\u00f3n de inconstitucionalidad por el c\u00f3digo contravencional de la ciudad de Mendoza"},"content":{"rendered":"\n<p><strong>Organizaci\u00f3n:<\/strong> Xumek<br><br><strong>Breve descripci\u00f3n:<\/strong> Acci\u00f3n de inconstitucionalidad a fin de declarar la inconstitucionalidad e inconvencionalidad de varios art\u00edculos de la ley provincial n\u00b0 9099 (nuevo c\u00f3digo contravencional de Mendoza)<br><br><strong>A\u00f1o:<\/strong>\u20282018<br><br><strong>Formato: <\/strong>Texto<br><br><a href=\"https:\/\/drive.google.com\/drive\/folders\/1PwxqaTaw6GIqPvgo5BkB2RX8thFxDkdv\">Ver Recurso<\/a><\/p>\n\n\n\n<p><\/p>\n","protected":false},"excerpt":{"rendered":"<p>Organizaci\u00f3n: Xumek Breve descripci\u00f3n: Acci\u00f3n de inconstitucionalidad a fin de declarar la inconstitucionalidad e inconvencionalidad de varios art\u00edculos de la ley provincial n\u00b0 9099 (nuevo c\u00f3digo contravencional de Mendoza) A\u00f1o:\u20282018 Formato: Texto Ver Recurso<\/p>\n","protected":false},"author":1,"featured_media":1154,"comment_status":"closed","ping_status":"closed","sticky":false,"template":"","format":"standard","meta":{"_et_pb_use_builder":"off","_et_pb_old_content":"<!-- wp:paragraph -->\n<p>Teniendo en cuenta la importancia de esta herramienta para la efectividad de otros derechos, buscamos generar un espacio de intercambios en torno a su utilizaci\u00f3n, aportando los conocimientos b\u00e1sicos para poder realizar pedidos ante los diferentes entes de gobierno y otros sujetos obligados. Compartimos estrategias, experiencias y casos sobre su uso.&nbsp;&nbsp;<\/p>\n<!-- \/wp:paragraph -->\n\n<!-- wp:paragraph -->\n<p>Volv\u00e9 a verlo <\/p>\n<!-- \/wp:paragraph -->\n\n<!-- wp:embed {\"url\":\"https:\/\/youtu.be\/3IdFZ0jHGt4\",\"type\":\"video\",\"providerNameSlug\":\"youtube\",\"responsive\":true,\"className\":\"wp-embed-aspect-16-9 wp-has-aspect-ratio\"} -->\n<figure class=\"wp-block-embed is-type-video is-provider-youtube wp-block-embed-youtube wp-embed-aspect-16-9 wp-has-aspect-ratio\"><div class=\"wp-block-embed__wrapper\">\nhttps:\/\/youtu.be\/3IdFZ0jHGt4\n<\/div><\/figure>\n<!-- \/wp:embed -->\n\n<!-- wp:paragraph -->\n<p><\/p>\n<!-- \/wp:paragraph -->","_et_gb_content_width":"","footnotes":""},"categories":[10,7],"tags":[],"class_list":["post-752","post","type-post","status-publish","format-standard","has-post-thumbnail","hentry","category-abogacia-comunitaria-y-empoderamiento-juridico","category-recursos"],"_links":{"self":[{"href":"https:\/\/abogaciacomunitaria.org\/index.php\/wp-json\/wp\/v2\/posts\/752","targetHints":{"allow":["GET"]}}],"collection":[{"href":"https:\/\/abogaciacomunitaria.org\/index.php\/wp-json\/wp\/v2\/posts"}],"about":[{"href":"https:\/\/abogaciacomunitaria.org\/index.php\/wp-json\/wp\/v2\/types\/post"}],"author":[{"embeddable":true,"href":"https:\/\/abogaciacomunitaria.org\/index.php\/wp-json\/wp\/v2\/users\/1"}],"replies":[{"embeddable":true,"href":"https:\/\/abogaciacomunitaria.org\/index.php\/wp-json\/wp\/v2\/comments?post=752"}],"version-history":[{"count":2,"href":"https:\/\/abogaciacomunitaria.org\/index.php\/wp-json\/wp\/v2\/posts\/752\/revisions"}],"predecessor-version":[{"id":768,"href":"https:\/\/abogaciacomunitaria.org\/index.php\/wp-json\/wp\/v2\/posts\/752\/revisions\/768"}],"wp:featuredmedia":[{"embeddable":true,"href":"https:\/\/abogaciacomunitaria.org\/index.php\/wp-json\/wp\/v2\/media\/1154"}],"wp:attachment":[{"href":"https:\/\/abogaciacomunitaria.org\/index.php\/wp-json\/wp\/v2\/media?parent=752"}],"wp:term":[{"taxonomy":"category","embeddable":true,"href":"https:\/\/abogaciacomunitaria.org\/index.php\/wp-json\/wp\/v2\/categories?post=752"},{"taxonomy":"post_tag","embeddable":true,"href":"https:\/\/abogaciacomunitaria.org\/index.php\/wp-json\/wp\/v2\/tags?post=752"}],"curies":[{"name":"wp","href":"https:\/\/api.w.org\/{rel}","templated":true}]}}