{"id":779,"date":"2024-10-30T15:50:24","date_gmt":"2024-10-30T15:50:24","guid":{"rendered":"https:\/\/abogaciacomunitaria.org\/?p=779"},"modified":"2025-01-15T06:02:29","modified_gmt":"2025-01-15T06:02:29","slug":"dialogo-sobre-experiencias-de-incidencia-en-litigio-estrategico-y-politicas-publicas","status":"publish","type":"post","link":"https:\/\/abogaciacomunitaria.org\/index.php\/2024\/10\/30\/dialogo-sobre-experiencias-de-incidencia-en-litigio-estrategico-y-politicas-publicas\/","title":{"rendered":"Di\u00e1logo sobre experiencias de incidencia en litigio estrat\u00e9gico y pol\u00edticas p\u00fablicas"},"content":{"rendered":"\n<p><strong>Organizaci\u00f3n:<\/strong> ACNUDH, ACIJ y la Cl\u00ednica Jur\u00eddica de Inter\u00e9s P\u00fablico de la Facultad de Ciencias Jur\u00eddicas y Sociales de la Universidad Nacional del Litoral.<br><br><strong>Autores:<\/strong> ACIJ &#8211; Cl\u00ednica Jur\u00eddica de Inter\u00e9s P\u00fablico FCJS-UNL.<br><br><strong>Formato:<\/strong> Video<br><br><a href=\"https:\/\/www.youtube.com\/watch?v=j_QxZYNXkDI\">Ver Recurso<\/a><\/p>\n\n\n\n<p><\/p>\n","protected":false},"excerpt":{"rendered":"<p>Organizaci\u00f3n: ACNUDH, ACIJ y la Cl\u00ednica Jur\u00eddica de Inter\u00e9s P\u00fablico de la Facultad de Ciencias Jur\u00eddicas y Sociales de la Universidad Nacional del Litoral. Autores: ACIJ &#8211; Cl\u00ednica Jur\u00eddica de Inter\u00e9s P\u00fablico FCJS-UNL. Formato: Video Ver Recurso<\/p>\n","protected":false},"author":1,"featured_media":1145,"comment_status":"closed","ping_status":"closed","sticky":false,"template":"","format":"standard","meta":{"_et_pb_use_builder":"off","_et_pb_old_content":"<!-- wp:paragraph -->\n<p>Teniendo en cuenta la importancia de esta herramienta para la efectividad de otros derechos, buscamos generar un espacio de intercambios en torno a su utilizaci\u00f3n, aportando los conocimientos b\u00e1sicos para poder realizar pedidos ante los diferentes entes de gobierno y otros sujetos obligados. Compartimos estrategias, experiencias y casos sobre su uso.&nbsp;&nbsp;<\/p>\n<!-- \/wp:paragraph -->\n\n<!-- wp:paragraph -->\n<p>Volv\u00e9 a verlo <\/p>\n<!-- \/wp:paragraph -->\n\n<!-- wp:embed {\"url\":\"https:\/\/youtu.be\/3IdFZ0jHGt4\",\"type\":\"video\",\"providerNameSlug\":\"youtube\",\"responsive\":true,\"className\":\"wp-embed-aspect-16-9 wp-has-aspect-ratio\"} -->\n<figure class=\"wp-block-embed is-type-video is-provider-youtube wp-block-embed-youtube wp-embed-aspect-16-9 wp-has-aspect-ratio\"><div class=\"wp-block-embed__wrapper\">\nhttps:\/\/youtu.be\/3IdFZ0jHGt4\n<\/div><\/figure>\n<!-- \/wp:embed -->\n\n<!-- wp:paragraph -->\n<p><\/p>\n<!-- \/wp:paragraph -->","_et_gb_content_width":"","footnotes":""},"categories":[28,7],"tags":[],"class_list":["post-779","post","type-post","status-publish","format-standard","has-post-thumbnail","hentry","category-empresas-y-derecho-humanos","category-recursos"],"_links":{"self":[{"href":"https:\/\/abogaciacomunitaria.org\/index.php\/wp-json\/wp\/v2\/posts\/779","targetHints":{"allow":["GET"]}}],"collection":[{"href":"https:\/\/abogaciacomunitaria.org\/index.php\/wp-json\/wp\/v2\/posts"}],"about":[{"href":"https:\/\/abogaciacomunitaria.org\/index.php\/wp-json\/wp\/v2\/types\/post"}],"author":[{"embeddable":true,"href":"https:\/\/abogaciacomunitaria.org\/index.php\/wp-json\/wp\/v2\/users\/1"}],"replies":[{"embeddable":true,"href":"https:\/\/abogaciacomunitaria.org\/index.php\/wp-json\/wp\/v2\/comments?post=779"}],"version-history":[{"count":1,"href":"https:\/\/abogaciacomunitaria.org\/index.php\/wp-json\/wp\/v2\/posts\/779\/revisions"}],"predecessor-version":[{"id":780,"href":"https:\/\/abogaciacomunitaria.org\/index.php\/wp-json\/wp\/v2\/posts\/779\/revisions\/780"}],"wp:featuredmedia":[{"embeddable":true,"href":"https:\/\/abogaciacomunitaria.org\/index.php\/wp-json\/wp\/v2\/media\/1145"}],"wp:attachment":[{"href":"https:\/\/abogaciacomunitaria.org\/index.php\/wp-json\/wp\/v2\/media?parent=779"}],"wp:term":[{"taxonomy":"category","embeddable":true,"href":"https:\/\/abogaciacomunitaria.org\/index.php\/wp-json\/wp\/v2\/categories?post=779"},{"taxonomy":"post_tag","embeddable":true,"href":"https:\/\/abogaciacomunitaria.org\/index.php\/wp-json\/wp\/v2\/tags?post=779"}],"curies":[{"name":"wp","href":"https:\/\/api.w.org\/{rel}","templated":true}]}}