{"id":787,"date":"2024-10-30T15:48:12","date_gmt":"2024-10-30T15:48:12","guid":{"rendered":"https:\/\/abogaciacomunitaria.org\/?p=787"},"modified":"2025-01-15T05:46:07","modified_gmt":"2025-01-15T05:46:07","slug":"derecho-a-la-ciudad-una-evocacion-de-las-transformaciones-urbanas-en-america-latina","status":"publish","type":"post","link":"https:\/\/abogaciacomunitaria.org\/index.php\/2024\/10\/30\/derecho-a-la-ciudad-una-evocacion-de-las-transformaciones-urbanas-en-america-latina\/","title":{"rendered":"Derecho a la ciudad Una evocaci\u00f3n de las transformaciones urbanas en Am\u00e9rica Latina"},"content":{"rendered":"\n<p><strong>Organizaci\u00f3n:<\/strong> CLACSO<br><br><strong>Autores:<\/strong> M\u00e1s de 30 personas colaboraron en la elaboraci\u00f3n del informe. Se mencionan en p\u00e1gina 2<br><br><strong>Formato: <\/strong>Texto<br><br><a href=\"http:\/\/biblioteca.clacso.edu.ar\/clacso\/gt\/20200519104921\/Derecho-a-la-ciudad.pdf\">Ver Recurso<\/a><\/p>\n\n\n\n<p><\/p>\n","protected":false},"excerpt":{"rendered":"<p>Organizaci\u00f3n: CLACSO Autores: M\u00e1s de 30 personas colaboraron en la elaboraci\u00f3n del informe. Se mencionan en p\u00e1gina 2 Formato: Texto Ver Recurso<\/p>\n","protected":false},"author":1,"featured_media":1142,"comment_status":"closed","ping_status":"closed","sticky":false,"template":"","format":"standard","meta":{"_et_pb_use_builder":"off","_et_pb_old_content":"<!-- wp:paragraph -->\n<p>Teniendo en cuenta la importancia de esta herramienta para la efectividad de otros derechos, buscamos generar un espacio de intercambios en torno a su utilizaci\u00f3n, aportando los conocimientos b\u00e1sicos para poder realizar pedidos ante los diferentes entes de gobierno y otros sujetos obligados. Compartimos estrategias, experiencias y casos sobre su uso.&nbsp;&nbsp;<\/p>\n<!-- \/wp:paragraph -->\n\n<!-- wp:paragraph -->\n<p>Volv\u00e9 a verlo <\/p>\n<!-- \/wp:paragraph -->\n\n<!-- wp:embed {\"url\":\"https:\/\/youtu.be\/3IdFZ0jHGt4\",\"type\":\"video\",\"providerNameSlug\":\"youtube\",\"responsive\":true,\"className\":\"wp-embed-aspect-16-9 wp-has-aspect-ratio\"} -->\n<figure class=\"wp-block-embed is-type-video is-provider-youtube wp-block-embed-youtube wp-embed-aspect-16-9 wp-has-aspect-ratio\"><div class=\"wp-block-embed__wrapper\">\nhttps:\/\/youtu.be\/3IdFZ0jHGt4\n<\/div><\/figure>\n<!-- \/wp:embed -->\n\n<!-- wp:paragraph -->\n<p><\/p>\n<!-- \/wp:paragraph -->","_et_gb_content_width":"","footnotes":""},"categories":[7,29],"tags":[],"class_list":["post-787","post","type-post","status-publish","format-standard","has-post-thumbnail","hentry","category-recursos","category-vivienda-habitat-y-derecho-a-la-ciudad"],"_links":{"self":[{"href":"https:\/\/abogaciacomunitaria.org\/index.php\/wp-json\/wp\/v2\/posts\/787","targetHints":{"allow":["GET"]}}],"collection":[{"href":"https:\/\/abogaciacomunitaria.org\/index.php\/wp-json\/wp\/v2\/posts"}],"about":[{"href":"https:\/\/abogaciacomunitaria.org\/index.php\/wp-json\/wp\/v2\/types\/post"}],"author":[{"embeddable":true,"href":"https:\/\/abogaciacomunitaria.org\/index.php\/wp-json\/wp\/v2\/users\/1"}],"replies":[{"embeddable":true,"href":"https:\/\/abogaciacomunitaria.org\/index.php\/wp-json\/wp\/v2\/comments?post=787"}],"version-history":[{"count":1,"href":"https:\/\/abogaciacomunitaria.org\/index.php\/wp-json\/wp\/v2\/posts\/787\/revisions"}],"predecessor-version":[{"id":788,"href":"https:\/\/abogaciacomunitaria.org\/index.php\/wp-json\/wp\/v2\/posts\/787\/revisions\/788"}],"wp:featuredmedia":[{"embeddable":true,"href":"https:\/\/abogaciacomunitaria.org\/index.php\/wp-json\/wp\/v2\/media\/1142"}],"wp:attachment":[{"href":"https:\/\/abogaciacomunitaria.org\/index.php\/wp-json\/wp\/v2\/media?parent=787"}],"wp:term":[{"taxonomy":"category","embeddable":true,"href":"https:\/\/abogaciacomunitaria.org\/index.php\/wp-json\/wp\/v2\/categories?post=787"},{"taxonomy":"post_tag","embeddable":true,"href":"https:\/\/abogaciacomunitaria.org\/index.php\/wp-json\/wp\/v2\/tags?post=787"}],"curies":[{"name":"wp","href":"https:\/\/api.w.org\/{rel}","templated":true}]}}