{"id":820,"date":"2024-10-30T15:46:46","date_gmt":"2024-10-30T15:46:46","guid":{"rendered":"https:\/\/abogaciacomunitaria.org\/?p=820"},"modified":"2025-01-15T04:42:04","modified_gmt":"2025-01-15T04:42:04","slug":"centros-de-acceso-a-la-justicia-en-la-argentina-impactos-y-oportunidades-para-reducir-la-brecha-de-acceso-a-la-justicia","status":"publish","type":"post","link":"https:\/\/abogaciacomunitaria.org\/index.php\/2024\/10\/30\/centros-de-acceso-a-la-justicia-en-la-argentina-impactos-y-oportunidades-para-reducir-la-brecha-de-acceso-a-la-justicia\/","title":{"rendered":"Centros de Acceso a la Justicia en la Argentina. Impactos y oportunidades para reducir la brecha de acceso a la justicia"},"content":{"rendered":"\n<p><strong>Organizaci\u00f3n:<\/strong> ACIJ, CELLS, INECIP<br><br><strong>Autores: <\/strong>Direcci\u00f3n Alberto Binder, Equipo de trabajo de Asociaci\u00f3n Civil por la Igualdad y la Justicia Sebasti\u00e1n Ezequiel Pilo, Natalia Echegoyemberry, Clara In\u00e9s Lucarella. Del Centro de Estudios Legales y Sociales: Diego Morales, Marcela Perelman, Betiana C\u00e1ceres, Margarita Trovato, Federico Ghelfi, del Instituto de Estudios Comparados en Ciencias Penales y Sociales: Aldana Romano, Andrea Pereyra Barreyro, Celeste Pousa, Correcci\u00f3n Fernanda Benitez y Dise\u00f1o Luc\u00eda Ronderos<br><br><strong>A\u00f1o:<\/strong> 2021<br><br><strong>Formato: <\/strong>Texto<br><br><a href=\"https:\/\/acij.org.ar\/publicamos-la-investigacion-centros-de-acceso-a-la-justicia-en-la-argentina-impactos-y-oportunidades-para-reducir-la-brecha-de-acceso-a-la-justicia\/\">Ver Recurso<\/a><\/p>\n\n\n\n<p><\/p>\n","protected":false},"excerpt":{"rendered":"<p>Organizaci\u00f3n: ACIJ, CELLS, INECIP Autores: Direcci\u00f3n Alberto Binder, Equipo de trabajo de Asociaci\u00f3n Civil por la Igualdad y la Justicia Sebasti\u00e1n Ezequiel Pilo, Natalia Echegoyemberry, Clara In\u00e9s Lucarella. Del Centro de Estudios Legales y Sociales: Diego Morales, Marcela Perelman, Betiana C\u00e1ceres, Margarita Trovato, Federico Ghelfi, del Instituto de Estudios Comparados en Ciencias Penales y Sociales: [&hellip;]<\/p>\n","protected":false},"author":1,"featured_media":1128,"comment_status":"closed","ping_status":"closed","sticky":false,"template":"","format":"standard","meta":{"_et_pb_use_builder":"off","_et_pb_old_content":"<!-- wp:paragraph -->\n<p>Teniendo en cuenta la importancia de esta herramienta para la efectividad de otros derechos, buscamos generar un espacio de intercambios en torno a su utilizaci\u00f3n, aportando los conocimientos b\u00e1sicos para poder realizar pedidos ante los diferentes entes de gobierno y otros sujetos obligados. Compartimos estrategias, experiencias y casos sobre su uso.&nbsp;&nbsp;<\/p>\n<!-- \/wp:paragraph -->\n\n<!-- wp:paragraph -->\n<p>Volv\u00e9 a verlo <\/p>\n<!-- \/wp:paragraph -->\n\n<!-- wp:embed {\"url\":\"https:\/\/youtu.be\/3IdFZ0jHGt4\",\"type\":\"video\",\"providerNameSlug\":\"youtube\",\"responsive\":true,\"className\":\"wp-embed-aspect-16-9 wp-has-aspect-ratio\"} -->\n<figure class=\"wp-block-embed is-type-video is-provider-youtube wp-block-embed-youtube wp-embed-aspect-16-9 wp-has-aspect-ratio\"><div class=\"wp-block-embed__wrapper\">\nhttps:\/\/youtu.be\/3IdFZ0jHGt4\n<\/div><\/figure>\n<!-- \/wp:embed -->\n\n<!-- wp:paragraph -->\n<p><\/p>\n<!-- \/wp:paragraph -->","_et_gb_content_width":"","footnotes":""},"categories":[31,7],"tags":[],"class_list":["post-820","post","type-post","status-publish","format-standard","has-post-thumbnail","hentry","category-acceso-a-la-justicia","category-recursos"],"_links":{"self":[{"href":"https:\/\/abogaciacomunitaria.org\/index.php\/wp-json\/wp\/v2\/posts\/820","targetHints":{"allow":["GET"]}}],"collection":[{"href":"https:\/\/abogaciacomunitaria.org\/index.php\/wp-json\/wp\/v2\/posts"}],"about":[{"href":"https:\/\/abogaciacomunitaria.org\/index.php\/wp-json\/wp\/v2\/types\/post"}],"author":[{"embeddable":true,"href":"https:\/\/abogaciacomunitaria.org\/index.php\/wp-json\/wp\/v2\/users\/1"}],"replies":[{"embeddable":true,"href":"https:\/\/abogaciacomunitaria.org\/index.php\/wp-json\/wp\/v2\/comments?post=820"}],"version-history":[{"count":1,"href":"https:\/\/abogaciacomunitaria.org\/index.php\/wp-json\/wp\/v2\/posts\/820\/revisions"}],"predecessor-version":[{"id":821,"href":"https:\/\/abogaciacomunitaria.org\/index.php\/wp-json\/wp\/v2\/posts\/820\/revisions\/821"}],"wp:featuredmedia":[{"embeddable":true,"href":"https:\/\/abogaciacomunitaria.org\/index.php\/wp-json\/wp\/v2\/media\/1128"}],"wp:attachment":[{"href":"https:\/\/abogaciacomunitaria.org\/index.php\/wp-json\/wp\/v2\/media?parent=820"}],"wp:term":[{"taxonomy":"category","embeddable":true,"href":"https:\/\/abogaciacomunitaria.org\/index.php\/wp-json\/wp\/v2\/categories?post=820"},{"taxonomy":"post_tag","embeddable":true,"href":"https:\/\/abogaciacomunitaria.org\/index.php\/wp-json\/wp\/v2\/tags?post=820"}],"curies":[{"name":"wp","href":"https:\/\/api.w.org\/{rel}","templated":true}]}}