{"id":830,"date":"2024-10-30T15:44:27","date_gmt":"2024-10-30T15:44:27","guid":{"rendered":"https:\/\/abogaciacomunitaria.org\/?p=830"},"modified":"2025-01-15T04:36:28","modified_gmt":"2025-01-15T04:36:28","slug":"principios-y-directrices-internacionales-sobre-el-acceso-a-la-justicia-de-las-personas-con-discapacidad","status":"publish","type":"post","link":"https:\/\/abogaciacomunitaria.org\/index.php\/2024\/10\/30\/principios-y-directrices-internacionales-sobre-el-acceso-a-la-justicia-de-las-personas-con-discapacidad\/","title":{"rendered":"Principios y Directrices Internacionales sobre el Acceso a la Justicia de las Personas con Discapacidad"},"content":{"rendered":"\n<p><strong>Organizaci\u00f3n:<\/strong> ONU<br>International Disability Alliance<br>CIJ (Comisi\u00f3n Internacional de Juristas)<br>PNUD<br><br><strong>Autores:<\/strong> Relator Especial sobre los derechos de las personas con discapacidad<br><br><strong>A\u00f1o:<\/strong> 2019<br><br><strong>Formato: <\/strong>Texto<br><br><a href=\"https:\/\/www.ohchr.org\/es\/special-procedures\/sr-disability\/international-principles-and-guidelines-access-justice-persons-disabilities\">Ver Recurso<\/a><\/p>\n\n\n\n<p><\/p>\n","protected":false},"excerpt":{"rendered":"<p>Organizaci\u00f3n: ONUInternational Disability AllianceCIJ (Comisi\u00f3n Internacional de Juristas)PNUD Autores: Relator Especial sobre los derechos de las personas con discapacidad A\u00f1o: 2019 Formato: Texto Ver Recurso<\/p>\n","protected":false},"author":1,"featured_media":1126,"comment_status":"closed","ping_status":"closed","sticky":false,"template":"","format":"standard","meta":{"_et_pb_use_builder":"off","_et_pb_old_content":"<!-- wp:paragraph -->\n<p>Teniendo en cuenta la importancia de esta herramienta para la efectividad de otros derechos, buscamos generar un espacio de intercambios en torno a su utilizaci\u00f3n, aportando los conocimientos b\u00e1sicos para poder realizar pedidos ante los diferentes entes de gobierno y otros sujetos obligados. Compartimos estrategias, experiencias y casos sobre su uso.&nbsp;&nbsp;<\/p>\n<!-- \/wp:paragraph -->\n\n<!-- wp:paragraph -->\n<p>Volv\u00e9 a verlo <\/p>\n<!-- \/wp:paragraph -->\n\n<!-- wp:embed {\"url\":\"https:\/\/youtu.be\/3IdFZ0jHGt4\",\"type\":\"video\",\"providerNameSlug\":\"youtube\",\"responsive\":true,\"className\":\"wp-embed-aspect-16-9 wp-has-aspect-ratio\"} -->\n<figure class=\"wp-block-embed is-type-video is-provider-youtube wp-block-embed-youtube wp-embed-aspect-16-9 wp-has-aspect-ratio\"><div class=\"wp-block-embed__wrapper\">\nhttps:\/\/youtu.be\/3IdFZ0jHGt4\n<\/div><\/figure>\n<!-- \/wp:embed -->\n\n<!-- wp:paragraph -->\n<p><\/p>\n<!-- \/wp:paragraph -->","_et_gb_content_width":"","footnotes":""},"categories":[31,7],"tags":[],"class_list":["post-830","post","type-post","status-publish","format-standard","has-post-thumbnail","hentry","category-acceso-a-la-justicia","category-recursos"],"_links":{"self":[{"href":"https:\/\/abogaciacomunitaria.org\/index.php\/wp-json\/wp\/v2\/posts\/830","targetHints":{"allow":["GET"]}}],"collection":[{"href":"https:\/\/abogaciacomunitaria.org\/index.php\/wp-json\/wp\/v2\/posts"}],"about":[{"href":"https:\/\/abogaciacomunitaria.org\/index.php\/wp-json\/wp\/v2\/types\/post"}],"author":[{"embeddable":true,"href":"https:\/\/abogaciacomunitaria.org\/index.php\/wp-json\/wp\/v2\/users\/1"}],"replies":[{"embeddable":true,"href":"https:\/\/abogaciacomunitaria.org\/index.php\/wp-json\/wp\/v2\/comments?post=830"}],"version-history":[{"count":1,"href":"https:\/\/abogaciacomunitaria.org\/index.php\/wp-json\/wp\/v2\/posts\/830\/revisions"}],"predecessor-version":[{"id":831,"href":"https:\/\/abogaciacomunitaria.org\/index.php\/wp-json\/wp\/v2\/posts\/830\/revisions\/831"}],"wp:featuredmedia":[{"embeddable":true,"href":"https:\/\/abogaciacomunitaria.org\/index.php\/wp-json\/wp\/v2\/media\/1126"}],"wp:attachment":[{"href":"https:\/\/abogaciacomunitaria.org\/index.php\/wp-json\/wp\/v2\/media?parent=830"}],"wp:term":[{"taxonomy":"category","embeddable":true,"href":"https:\/\/abogaciacomunitaria.org\/index.php\/wp-json\/wp\/v2\/categories?post=830"},{"taxonomy":"post_tag","embeddable":true,"href":"https:\/\/abogaciacomunitaria.org\/index.php\/wp-json\/wp\/v2\/tags?post=830"}],"curies":[{"name":"wp","href":"https:\/\/api.w.org\/{rel}","templated":true}]}}