{"id":890,"date":"2024-10-30T15:20:46","date_gmt":"2024-10-30T15:20:46","guid":{"rendered":"https:\/\/abogaciacomunitaria.org\/?p=890"},"modified":"2024-10-30T15:20:46","modified_gmt":"2024-10-30T15:20:46","slug":"recursero-sobre-vih-en-mendoza","status":"publish","type":"post","link":"https:\/\/abogaciacomunitaria.org\/index.php\/2024\/10\/30\/recursero-sobre-vih-en-mendoza\/","title":{"rendered":"Recursero sobre VIH en Mendoza"},"content":{"rendered":"\n<p><strong>Organizaci\u00f3n:<\/strong> XUMEK<br><br><strong>Autores:<\/strong> Agustina Prividera, Amanda G\u00f3mez, Sof\u00eda Langelotti, Bel\u00e9n Quintana, Bel\u00e9n Godoy<br><br><strong>A\u00f1o:<\/strong> 2022<br><br><strong>Formato:<\/strong> Pdf y placas para redes<br><br><strong>Palabras clave:<\/strong> Centros de Prevenci\u00f3n Asesoramiento y Testeos; Programas Municipales; Programa Provincial de VIH; Centros de entrega de medicamentos; Lugares de atenci\u00f3n, contactos, mails<br><br><a href=\"https:\/\/xumek.org.ar\/recursero-para-personas-con-vih\/\">Ver Recurso<\/a><\/p>\n\n\n\n<p><\/p>\n","protected":false},"excerpt":{"rendered":"<p>Organizaci\u00f3n: XUMEK Autores: Agustina Prividera, Amanda G\u00f3mez, Sof\u00eda Langelotti, Bel\u00e9n Quintana, Bel\u00e9n Godoy A\u00f1o: 2022 Formato: Pdf y placas para redes Palabras clave: Centros de Prevenci\u00f3n Asesoramiento y Testeos; Programas Municipales; Programa Provincial de VIH; Centros de entrega de medicamentos; Lugares de atenci\u00f3n, contactos, mails Ver Recurso<\/p>\n","protected":false},"author":1,"featured_media":0,"comment_status":"closed","ping_status":"closed","sticky":false,"template":"","format":"standard","meta":{"_et_pb_use_builder":"off","_et_pb_old_content":"<!-- wp:paragraph -->\n<p>Teniendo en cuenta la importancia de esta herramienta para la efectividad de otros derechos, buscamos generar un espacio de intercambios en torno a su utilizaci\u00f3n, aportando los conocimientos b\u00e1sicos para poder realizar pedidos ante los diferentes entes de gobierno y otros sujetos obligados. Compartimos estrategias, experiencias y casos sobre su uso.&nbsp;&nbsp;<\/p>\n<!-- \/wp:paragraph -->\n\n<!-- wp:paragraph -->\n<p>Volv\u00e9 a verlo <\/p>\n<!-- \/wp:paragraph -->\n\n<!-- wp:embed {\"url\":\"https:\/\/youtu.be\/3IdFZ0jHGt4\",\"type\":\"video\",\"providerNameSlug\":\"youtube\",\"responsive\":true,\"className\":\"wp-embed-aspect-16-9 wp-has-aspect-ratio\"} -->\n<figure class=\"wp-block-embed is-type-video is-provider-youtube wp-block-embed-youtube wp-embed-aspect-16-9 wp-has-aspect-ratio\"><div class=\"wp-block-embed__wrapper\">\nhttps:\/\/youtu.be\/3IdFZ0jHGt4\n<\/div><\/figure>\n<!-- \/wp:embed -->\n\n<!-- wp:paragraph -->\n<p><\/p>\n<!-- \/wp:paragraph -->","_et_gb_content_width":"","footnotes":""},"categories":[36,7],"tags":[],"class_list":["post-890","post","type-post","status-publish","format-standard","hentry","category-genero-y-diversidad","category-recursos"],"_links":{"self":[{"href":"https:\/\/abogaciacomunitaria.org\/index.php\/wp-json\/wp\/v2\/posts\/890","targetHints":{"allow":["GET"]}}],"collection":[{"href":"https:\/\/abogaciacomunitaria.org\/index.php\/wp-json\/wp\/v2\/posts"}],"about":[{"href":"https:\/\/abogaciacomunitaria.org\/index.php\/wp-json\/wp\/v2\/types\/post"}],"author":[{"embeddable":true,"href":"https:\/\/abogaciacomunitaria.org\/index.php\/wp-json\/wp\/v2\/users\/1"}],"replies":[{"embeddable":true,"href":"https:\/\/abogaciacomunitaria.org\/index.php\/wp-json\/wp\/v2\/comments?post=890"}],"version-history":[{"count":1,"href":"https:\/\/abogaciacomunitaria.org\/index.php\/wp-json\/wp\/v2\/posts\/890\/revisions"}],"predecessor-version":[{"id":891,"href":"https:\/\/abogaciacomunitaria.org\/index.php\/wp-json\/wp\/v2\/posts\/890\/revisions\/891"}],"wp:attachment":[{"href":"https:\/\/abogaciacomunitaria.org\/index.php\/wp-json\/wp\/v2\/media?parent=890"}],"wp:term":[{"taxonomy":"category","embeddable":true,"href":"https:\/\/abogaciacomunitaria.org\/index.php\/wp-json\/wp\/v2\/categories?post=890"},{"taxonomy":"post_tag","embeddable":true,"href":"https:\/\/abogaciacomunitaria.org\/index.php\/wp-json\/wp\/v2\/tags?post=890"}],"curies":[{"name":"wp","href":"https:\/\/api.w.org\/{rel}","templated":true}]}}