{"id":896,"date":"2024-10-30T15:21:17","date_gmt":"2024-10-30T15:21:17","guid":{"rendered":"https:\/\/abogaciacomunitaria.org\/?p=896"},"modified":"2025-01-15T03:08:56","modified_gmt":"2025-01-15T03:08:56","slug":"informe-como-analizar-el-presupuesto-con-una-perspectiva-de-genero","status":"publish","type":"post","link":"https:\/\/abogaciacomunitaria.org\/index.php\/2024\/10\/30\/informe-como-analizar-el-presupuesto-con-una-perspectiva-de-genero\/","title":{"rendered":"INFORME: \u00bfC\u00f3mo analizar el Presupuesto con una perspectiva de g\u00e9nero?"},"content":{"rendered":"\n<p><strong>Organizaci\u00f3n:<\/strong> ACIJ<br><br><strong>Autores:<\/strong> Dalile Ant\u00fanez, Mar\u00eda Emilia Mamberti, Carmen Rayn, Julieta Izcurdia, Mar\u00eda Monza, Rodrigo Robles Trist\u00e1n.<br><br><strong>A\u00f1o:<\/strong> 2019<br><br><strong>Formato:<\/strong> Informe<br><br><strong>Palabras clave:<\/strong> An\u00e1lisis presupuestariocon perspectivade g\u00e9nero<br><br><a href=\"https:\/\/acij.org.ar\/taller-como-analizar-el-presupuesto-con-una-perspectiva-de-genero\/\">Ver Recurso<\/a><\/p>\n\n\n\n<p><\/p>\n","protected":false},"excerpt":{"rendered":"<p>Organizaci\u00f3n: ACIJ Autores: Dalile Ant\u00fanez, Mar\u00eda Emilia Mamberti, Carmen Rayn, Julieta Izcurdia, Mar\u00eda Monza, Rodrigo Robles Trist\u00e1n. A\u00f1o: 2019 Formato: Informe Palabras clave: An\u00e1lisis presupuestariocon perspectivade g\u00e9nero Ver Recurso<\/p>\n","protected":false},"author":1,"featured_media":1105,"comment_status":"closed","ping_status":"closed","sticky":false,"template":"","format":"standard","meta":{"_et_pb_use_builder":"off","_et_pb_old_content":"<!-- wp:paragraph -->\n<p>Teniendo en cuenta la importancia de esta herramienta para la efectividad de otros derechos, buscamos generar un espacio de intercambios en torno a su utilizaci\u00f3n, aportando los conocimientos b\u00e1sicos para poder realizar pedidos ante los diferentes entes de gobierno y otros sujetos obligados. Compartimos estrategias, experiencias y casos sobre su uso.&nbsp;&nbsp;<\/p>\n<!-- \/wp:paragraph -->\n\n<!-- wp:paragraph -->\n<p>Volv\u00e9 a verlo <\/p>\n<!-- \/wp:paragraph -->\n\n<!-- wp:embed {\"url\":\"https:\/\/youtu.be\/3IdFZ0jHGt4\",\"type\":\"video\",\"providerNameSlug\":\"youtube\",\"responsive\":true,\"className\":\"wp-embed-aspect-16-9 wp-has-aspect-ratio\"} -->\n<figure class=\"wp-block-embed is-type-video is-provider-youtube wp-block-embed-youtube wp-embed-aspect-16-9 wp-has-aspect-ratio\"><div class=\"wp-block-embed__wrapper\">\nhttps:\/\/youtu.be\/3IdFZ0jHGt4\n<\/div><\/figure>\n<!-- \/wp:embed -->\n\n<!-- wp:paragraph -->\n<p><\/p>\n<!-- \/wp:paragraph -->","_et_gb_content_width":"","footnotes":""},"categories":[36,7],"tags":[],"class_list":["post-896","post","type-post","status-publish","format-standard","has-post-thumbnail","hentry","category-genero-y-diversidad","category-recursos"],"_links":{"self":[{"href":"https:\/\/abogaciacomunitaria.org\/index.php\/wp-json\/wp\/v2\/posts\/896","targetHints":{"allow":["GET"]}}],"collection":[{"href":"https:\/\/abogaciacomunitaria.org\/index.php\/wp-json\/wp\/v2\/posts"}],"about":[{"href":"https:\/\/abogaciacomunitaria.org\/index.php\/wp-json\/wp\/v2\/types\/post"}],"author":[{"embeddable":true,"href":"https:\/\/abogaciacomunitaria.org\/index.php\/wp-json\/wp\/v2\/users\/1"}],"replies":[{"embeddable":true,"href":"https:\/\/abogaciacomunitaria.org\/index.php\/wp-json\/wp\/v2\/comments?post=896"}],"version-history":[{"count":1,"href":"https:\/\/abogaciacomunitaria.org\/index.php\/wp-json\/wp\/v2\/posts\/896\/revisions"}],"predecessor-version":[{"id":897,"href":"https:\/\/abogaciacomunitaria.org\/index.php\/wp-json\/wp\/v2\/posts\/896\/revisions\/897"}],"wp:featuredmedia":[{"embeddable":true,"href":"https:\/\/abogaciacomunitaria.org\/index.php\/wp-json\/wp\/v2\/media\/1105"}],"wp:attachment":[{"href":"https:\/\/abogaciacomunitaria.org\/index.php\/wp-json\/wp\/v2\/media?parent=896"}],"wp:term":[{"taxonomy":"category","embeddable":true,"href":"https:\/\/abogaciacomunitaria.org\/index.php\/wp-json\/wp\/v2\/categories?post=896"},{"taxonomy":"post_tag","embeddable":true,"href":"https:\/\/abogaciacomunitaria.org\/index.php\/wp-json\/wp\/v2\/tags?post=896"}],"curies":[{"name":"wp","href":"https:\/\/api.w.org\/{rel}","templated":true}]}}