{"id":913,"date":"2024-10-30T15:07:23","date_gmt":"2024-10-30T15:07:23","guid":{"rendered":"https:\/\/abogaciacomunitaria.org\/?p=913"},"modified":"2025-01-15T02:45:19","modified_gmt":"2025-01-15T02:45:19","slug":"charla-el-abc-de-los-procesos-colectivos","status":"publish","type":"post","link":"https:\/\/abogaciacomunitaria.org\/index.php\/2024\/10\/30\/charla-el-abc-de-los-procesos-colectivos\/","title":{"rendered":"Charla EL ABC de los Procesos Colectivos"},"content":{"rendered":"\n<p><strong>Organizaci\u00f3n:<\/strong> Red Argentina de Abogac\u00eda Comunitaria<br><br><strong>Autores:<\/strong> Facilit\u00f3 la charla Francisco Verbic<br><br><strong>A\u00f1o:<\/strong> 2022<br><br><strong>Formato:<\/strong> Video<br><br><a href=\"https:\/\/drive.google.com\/drive\/u\/0\/folders\/16vmtzfu2olZAX3DV6iMk1eLcUqcadEiC\">Ver Recurso<\/a><\/p>\n\n\n\n<p><\/p>\n","protected":false},"excerpt":{"rendered":"<p>Organizaci\u00f3n: Red Argentina de Abogac\u00eda Comunitaria Autores: Facilit\u00f3 la charla Francisco Verbic A\u00f1o: 2022 Formato: Video Ver Recurso<\/p>\n","protected":false},"author":1,"featured_media":1100,"comment_status":"closed","ping_status":"closed","sticky":false,"template":"","format":"standard","meta":{"_et_pb_use_builder":"off","_et_pb_old_content":"<!-- wp:paragraph -->\n<p>Teniendo en cuenta la importancia de esta herramienta para la efectividad de otros derechos, buscamos generar un espacio de intercambios en torno a su utilizaci\u00f3n, aportando los conocimientos b\u00e1sicos para poder realizar pedidos ante los diferentes entes de gobierno y otros sujetos obligados. Compartimos estrategias, experiencias y casos sobre su uso.&nbsp;&nbsp;<\/p>\n<!-- \/wp:paragraph -->\n\n<!-- wp:paragraph -->\n<p>Volv\u00e9 a verlo <\/p>\n<!-- \/wp:paragraph -->\n\n<!-- wp:embed {\"url\":\"https:\/\/youtu.be\/3IdFZ0jHGt4\",\"type\":\"video\",\"providerNameSlug\":\"youtube\",\"responsive\":true,\"className\":\"wp-embed-aspect-16-9 wp-has-aspect-ratio\"} -->\n<figure class=\"wp-block-embed is-type-video is-provider-youtube wp-block-embed-youtube wp-embed-aspect-16-9 wp-has-aspect-ratio\"><div class=\"wp-block-embed__wrapper\">\nhttps:\/\/youtu.be\/3IdFZ0jHGt4\n<\/div><\/figure>\n<!-- \/wp:embed -->\n\n<!-- wp:paragraph -->\n<p><\/p>\n<!-- \/wp:paragraph -->","_et_gb_content_width":"","footnotes":""},"categories":[33,7],"tags":[],"class_list":["post-913","post","type-post","status-publish","format-standard","has-post-thumbnail","hentry","category-procesos-colectivos-y-amparos","category-recursos"],"_links":{"self":[{"href":"https:\/\/abogaciacomunitaria.org\/index.php\/wp-json\/wp\/v2\/posts\/913","targetHints":{"allow":["GET"]}}],"collection":[{"href":"https:\/\/abogaciacomunitaria.org\/index.php\/wp-json\/wp\/v2\/posts"}],"about":[{"href":"https:\/\/abogaciacomunitaria.org\/index.php\/wp-json\/wp\/v2\/types\/post"}],"author":[{"embeddable":true,"href":"https:\/\/abogaciacomunitaria.org\/index.php\/wp-json\/wp\/v2\/users\/1"}],"replies":[{"embeddable":true,"href":"https:\/\/abogaciacomunitaria.org\/index.php\/wp-json\/wp\/v2\/comments?post=913"}],"version-history":[{"count":1,"href":"https:\/\/abogaciacomunitaria.org\/index.php\/wp-json\/wp\/v2\/posts\/913\/revisions"}],"predecessor-version":[{"id":914,"href":"https:\/\/abogaciacomunitaria.org\/index.php\/wp-json\/wp\/v2\/posts\/913\/revisions\/914"}],"wp:featuredmedia":[{"embeddable":true,"href":"https:\/\/abogaciacomunitaria.org\/index.php\/wp-json\/wp\/v2\/media\/1100"}],"wp:attachment":[{"href":"https:\/\/abogaciacomunitaria.org\/index.php\/wp-json\/wp\/v2\/media?parent=913"}],"wp:term":[{"taxonomy":"category","embeddable":true,"href":"https:\/\/abogaciacomunitaria.org\/index.php\/wp-json\/wp\/v2\/categories?post=913"},{"taxonomy":"post_tag","embeddable":true,"href":"https:\/\/abogaciacomunitaria.org\/index.php\/wp-json\/wp\/v2\/tags?post=913"}],"curies":[{"name":"wp","href":"https:\/\/api.w.org\/{rel}","templated":true}]}}